{"id":919,"date":"2019-03-24T06:00:55","date_gmt":"2019-03-24T05:00:55","guid":{"rendered":"podlove-2019-03-12t16:56:50+00:00-28bb853136172d4"},"modified":"2024-03-30T18:34:20","modified_gmt":"2024-03-30T17:34:20","slug":"tool-tipp-later","status":"publish","type":"post","link":"https:\/\/erzaehldavon.de\/podcast\/tool-tipp-later\/","title":{"rendered":"Tool Tipp: Instagram-Planung mit Later"},"content":{"rendered":"<p>&nbsp;<\/p>\n<p>Wie machen das die anderen nur auf Instagram: st\u00e4ndig coole Posts raushauen mit gutem Inhalt, die sich auch optisch immer passend in den bestehenden Feed einf\u00fcgen? Ganz einfach: vorplanen! Wir haben ja schon oft den guten alten Redaktionsplan auf Papier gelobt, aber f\u00fcr Social Media darfs auch gern digital sein. Welche Vorteile haben Planungs-Apps wie <a href=\"http:\/\/later.com\">Later<\/a>, <a href=\"http:\/\/planoly.com\">Planoly<\/a> und <a href=\"https:\/\/www.plannthat.com\/\">Plann<\/a>? Und was gibt&#8217;s kostenlos? Mehr dazu in der Folge.<!--more--><\/p>\n<h2>Links:<\/h2>\n<p><a href=\"https:\/\/later.com\/tour\/\">Hier gibt&#8217;s Infos zur Later App.<\/a> F\u00fcr Non-Profits gibt es sogar einen <a href=\"https:\/\/help.later.com\/hc\/en-us\/articles\/360042492454\">Rabatt<\/a>!<br \/>\nNews zu Instagram und hilfreiche Tipps findet ihr auf dem <a href=\"https:\/\/later.com\/blog\/\">Later Blog.<\/a><\/p>\n<p><strong>Passende Folgen im erz\u00e4hl davon Podcast:<\/strong><\/p>\n<p><a href=\"https:\/\/erzaehldavon.de\/podcast\/024-website-vs-facebook\/\">024: Website vs. Facebook &#8211; Seite \u2013 digitales Hauptquartier f\u00fcr den Verein<\/a><br \/>\n<a href=\"https:\/\/erzaehldavon.de\/podcast\/026-mobile-content-erstellung-sozial-pr\/\">026: Mobile Content Erstellung mit Christian M\u00fcller (sozial-pr)<\/a><br \/>\n<a href=\"https:\/\/erzaehldavon.de\/podcast\/032-social-media\/\">032: 7 Tipps f\u00fcr mehr &#8222;social&#8220; in Social Media<\/a><br \/>\n<a href=\"https:\/\/erzaehldavon.de\/podcast\/folge-049-igtv-der-umgang-mit-social-media-trends\/\">049: IGTV &amp; der Umgang mit Social-Media-Trends<\/a><br \/>\n<a href=\"https:\/\/erzaehldavon.de\/podcast\/071-kommunikationsanlaesse-2019\/\">071: Kommunikationsanl\u00e4sse in 2019<\/a><\/p>\n<p><strong>Passende Blogposts:<\/strong><\/p>\n<p><a href=\"https:\/\/erzaehldavon.de\/redaktionsplan-fuer-den-verein\/\">Vollst\u00e4ndiger Redaktionsplan f\u00fcr den Verein in 10 Schritten<\/a><br \/>\n<a href=\"https:\/\/erzaehldavon.de\/automatisierungen-zeit-sparen\/\">Mit Automatisierungen Zeit sparen<\/a><br \/>\n<a href=\"https:\/\/erzaehldavon.de\/moodboards\/\">Kommunikation planen mit Moodboards<\/a><\/p>\n<h2>Beim Podcast mitmachen<\/h2>\n<p>Wir sprechen in jeder Episode mit einem Gast \u00fcber ein bestimmtes Thema. <a href=\"https:\/\/erzaehldavon.de\/podcast\/kontakt\/\">Meldet euch<\/a>, wenn ihr Themenideen habt oder selber als Gast an unserem Podcast teilnehmen m\u00f6chtet!<\/p>\n<p>Folgt uns auf Instagram, um uns bei der Arbeit \u00fcber die Schulter zu gucken: <a href=\"https:\/\/www.instagram.com\/erzaehldavon\/\">@erzaehldavon<\/a><\/p>\n<p>Mehr zu unserem Projekt auf <a href=\"https:\/\/erzaehldavon.de\">erzaehldavon.de<\/a>. <a href=\"https:\/\/erzaehldavon.de\/login\/\">Jetzt anmelden<\/a>\u00a0und Kurse besuchen:\u00a0<a href=\"http:\/\/www.erzaehldavon.de\/\">erzaehldavon.de<\/a><\/p>\n<p><strong>Auf dem Laufenden bleibt ihr mit dem erz\u00e4hl davon\u00a0<a href=\"https:\/\/erzaehldavon.de\/newsletter\/\">Newsletter (alle 14 Tage)<\/a>.\u00a0<\/strong><\/p>\n<h2>Podcast abonnieren<\/h2>\n<p><strong>erz\u00e4hl davon \u2013 der Podcast f\u00fcr gute Kommunikation im Ehrenamt. <\/strong><\/p>\n<p>Abonnieren auf Apple Podcasts: <a href=\"https:\/\/itunes.apple.com\/de\/podcast\/erz%C3%A4hl-davon\/id1254445746?\">erz\u00e4hl davon<\/a><\/p>\n<p>F\u00fcr Android-User: Subscribe on <a href=\"https:\/\/subscribeonandroid.com\/erzaehldavon.de\/podcast\/feed\/mp3\">Android<\/a>, zum Beispiel mit der <em>Podcast Addict<\/em>-App<\/p>\n<p>Abonnieren auf YouTube: <a href=\"https:\/\/www.youtube.com\/playlist?list=PL9zIkpM5dXX0FBau2EkoO-ccla2drSvwt\">erz\u00e4hl davon-Kanal<\/a><\/p>\n","protected":false},"excerpt":{"rendered":"<p>&nbsp; Wie machen das die anderen nur auf Instagram: st\u00e4ndig coole Posts raushauen mit gutem Inhalt, die sich auch optisch immer passend in den bestehenden Feed einf\u00fcgen? Ganz einfach: vorplanen! Wir haben ja schon oft den guten alten Redaktionsplan auf Papier gelobt, aber f\u00fcr Social Media darfs auch gern digital sein. Welche Vorteile haben &hellip; <\/p>\n","protected":false},"author":1,"featured_media":920,"comment_status":"closed","ping_status":"open","sticky":false,"template":"","format":"standard","meta":{"footnotes":""},"categories":[],"tags":[14,33],"yoast_head":"<!-- This site is optimized with the Yoast SEO plugin v22.4 - https:\/\/yoast.com\/wordpress\/plugins\/seo\/ -->\n<title>Tool Tipp: Instagram-Planung mit Later - erz\u00e4hl davon - der Podcast<\/title>\n<meta name=\"robots\" content=\"index, follow, max-snippet:-1, max-image-preview:large, max-video-preview:-1\" \/>\n<link rel=\"canonical\" href=\"https:\/\/erzaehldavon.de\/podcast\/tool-tipp-later\/\" \/>\n<meta property=\"og:locale\" content=\"de_DE\" \/>\n<meta property=\"og:type\" content=\"article\" \/>\n<meta property=\"og:title\" content=\"Tool Tipp: Instagram-Planung mit Later - erz\u00e4hl davon - der Podcast\" \/>\n<meta property=\"og:description\" content=\"&nbsp; Wie machen das die anderen nur auf Instagram: st\u00e4ndig coole Posts raushauen mit gutem Inhalt, die sich auch optisch immer passend in den bestehenden Feed einf\u00fcgen? Ganz einfach: vorplanen! Wir haben ja schon oft den guten alten Redaktionsplan auf Papier gelobt, aber f\u00fcr Social Media darfs auch gern digital sein. Welche Vorteile haben &hellip;\" \/>\n<meta property=\"og:url\" content=\"https:\/\/erzaehldavon.de\/podcast\/tool-tipp-later\/\" \/>\n<meta property=\"og:site_name\" content=\"erz\u00e4hl davon - der Podcast\" \/>\n<meta property=\"article:published_time\" content=\"2019-03-24T05:00:55+00:00\" \/>\n<meta property=\"article:modified_time\" content=\"2024-03-30T17:34:20+00:00\" \/>\n<meta property=\"og:image\" content=\"https:\/\/erzaehldavon.de\/podcast\/wordpress\/wp-content\/uploads\/2019\/03\/YouTube_076.png\" \/>\n\t<meta property=\"og:image:width\" content=\"1920\" \/>\n\t<meta property=\"og:image:height\" content=\"1080\" \/>\n\t<meta property=\"og:image:type\" content=\"image\/png\" \/>\n<meta name=\"author\" content=\"Luisa &amp; Katrin\" \/>\n<meta name=\"twitter:card\" content=\"summary_large_image\" \/>\n<meta name=\"twitter:creator\" content=\"@https:\/\/twitter.com\/erzaehldavon\" \/>\n<meta name=\"twitter:site\" content=\"@erzaehldavon\" \/>\n<meta name=\"twitter:label1\" content=\"Verfasst von\" \/>\n\t<meta name=\"twitter:data1\" content=\"Luisa &amp; Katrin\" \/>\n\t<meta name=\"twitter:label2\" content=\"Gesch\u00e4tzte Lesezeit\" \/>\n\t<meta name=\"twitter:data2\" content=\"1\u00a0Minute\" \/>\n<script type=\"application\/ld+json\" class=\"yoast-schema-graph\">{\"@context\":\"https:\/\/schema.org\",\"@graph\":[{\"@type\":\"Article\",\"@id\":\"https:\/\/erzaehldavon.de\/podcast\/tool-tipp-later\/#article\",\"isPartOf\":{\"@id\":\"https:\/\/erzaehldavon.de\/podcast\/tool-tipp-later\/\"},\"author\":{\"name\":\"Luisa &amp; Katrin\",\"@id\":\"https:\/\/erzaehldavon.de\/podcast\/#\/schema\/person\/6e5b30118728bded4403a0d0da29f623\"},\"headline\":\"Tool Tipp: Instagram-Planung mit Later\",\"datePublished\":\"2019-03-24T05:00:55+00:00\",\"dateModified\":\"2024-03-30T17:34:20+00:00\",\"mainEntityOfPage\":{\"@id\":\"https:\/\/erzaehldavon.de\/podcast\/tool-tipp-later\/\"},\"wordCount\":279,\"publisher\":{\"@id\":\"https:\/\/erzaehldavon.de\/podcast\/#organization\"},\"image\":{\"@id\":\"https:\/\/erzaehldavon.de\/podcast\/tool-tipp-later\/#primaryimage\"},\"thumbnailUrl\":\"https:\/\/erzaehldavon.de\/podcast\/wordpress\/wp-content\/uploads\/2019\/03\/Podcast_Folge_076.png\",\"keywords\":[\"Podcast-Folge\",\"Tool-Tipp\"],\"inLanguage\":\"de\"},{\"@type\":\"WebPage\",\"@id\":\"https:\/\/erzaehldavon.de\/podcast\/tool-tipp-later\/\",\"url\":\"https:\/\/erzaehldavon.de\/podcast\/tool-tipp-later\/\",\"name\":\"Tool Tipp: Instagram-Planung mit Later - erz\u00e4hl davon - der Podcast\",\"isPartOf\":{\"@id\":\"https:\/\/erzaehldavon.de\/podcast\/#website\"},\"primaryImageOfPage\":{\"@id\":\"https:\/\/erzaehldavon.de\/podcast\/tool-tipp-later\/#primaryimage\"},\"image\":{\"@id\":\"https:\/\/erzaehldavon.de\/podcast\/tool-tipp-later\/#primaryimage\"},\"thumbnailUrl\":\"https:\/\/erzaehldavon.de\/podcast\/wordpress\/wp-content\/uploads\/2019\/03\/Podcast_Folge_076.png\",\"datePublished\":\"2019-03-24T05:00:55+00:00\",\"dateModified\":\"2024-03-30T17:34:20+00:00\",\"breadcrumb\":{\"@id\":\"https:\/\/erzaehldavon.de\/podcast\/tool-tipp-later\/#breadcrumb\"},\"inLanguage\":\"de\",\"potentialAction\":[{\"@type\":\"ReadAction\",\"target\":[\"https:\/\/erzaehldavon.de\/podcast\/tool-tipp-later\/\"]}]},{\"@type\":\"ImageObject\",\"inLanguage\":\"de\",\"@id\":\"https:\/\/erzaehldavon.de\/podcast\/tool-tipp-later\/#primaryimage\",\"url\":\"https:\/\/erzaehldavon.de\/podcast\/wordpress\/wp-content\/uploads\/2019\/03\/Podcast_Folge_076.png\",\"contentUrl\":\"https:\/\/erzaehldavon.de\/podcast\/wordpress\/wp-content\/uploads\/2019\/03\/Podcast_Folge_076.png\",\"width\":1815,\"height\":1815},{\"@type\":\"BreadcrumbList\",\"@id\":\"https:\/\/erzaehldavon.de\/podcast\/tool-tipp-later\/#breadcrumb\",\"itemListElement\":[{\"@type\":\"ListItem\",\"position\":1,\"name\":\"Startseite\",\"item\":\"https:\/\/erzaehldavon.de\/podcast\/\"},{\"@type\":\"ListItem\",\"position\":2,\"name\":\"Tool Tipp: Instagram-Planung mit Later\"}]},{\"@type\":\"WebSite\",\"@id\":\"https:\/\/erzaehldavon.de\/podcast\/#website\",\"url\":\"https:\/\/erzaehldavon.de\/podcast\/\",\"name\":\"erz\u00e4hl davon - der Podcast\",\"description\":\"Der Podcast f\u00fcr gute Kommunikation im Ehrenamt\",\"publisher\":{\"@id\":\"https:\/\/erzaehldavon.de\/podcast\/#organization\"},\"potentialAction\":[{\"@type\":\"SearchAction\",\"target\":{\"@type\":\"EntryPoint\",\"urlTemplate\":\"https:\/\/erzaehldavon.de\/podcast\/?s={search_term_string}\"},\"query-input\":\"required name=search_term_string\"}],\"inLanguage\":\"de\"},{\"@type\":\"Organization\",\"@id\":\"https:\/\/erzaehldavon.de\/podcast\/#organization\",\"name\":\"erz\u00e4hl davon - der Podcast\",\"url\":\"https:\/\/erzaehldavon.de\/podcast\/\",\"logo\":{\"@type\":\"ImageObject\",\"inLanguage\":\"de\",\"@id\":\"https:\/\/erzaehldavon.de\/podcast\/#\/schema\/logo\/image\/\",\"url\":\"https:\/\/erzaehldavon.de\/podcast\/wordpress\/wp-content\/uploads\/2017\/06\/cropped-erzaehldavonpodcastheader-1.png\",\"contentUrl\":\"https:\/\/erzaehldavon.de\/podcast\/wordpress\/wp-content\/uploads\/2017\/06\/cropped-erzaehldavonpodcastheader-1.png\",\"width\":750,\"height\":200,\"caption\":\"erz\u00e4hl davon - der Podcast\"},\"image\":{\"@id\":\"https:\/\/erzaehldavon.de\/podcast\/#\/schema\/logo\/image\/\"},\"sameAs\":[\"https:\/\/twitter.com\/erzaehldavon\",\"https:\/\/www.instagram.com\/erzaehldavon\/\",\"https:\/\/www.youtube.com\/channel\/UCT2WPSuqfdhukxTzzqKSiPQ\"]},{\"@type\":\"Person\",\"@id\":\"https:\/\/erzaehldavon.de\/podcast\/#\/schema\/person\/6e5b30118728bded4403a0d0da29f623\",\"name\":\"Luisa &amp; Katrin\",\"image\":{\"@type\":\"ImageObject\",\"inLanguage\":\"de\",\"@id\":\"https:\/\/erzaehldavon.de\/podcast\/#\/schema\/person\/image\/\",\"url\":\"https:\/\/erzaehldavon.de\/podcast\/wordpress\/wp-content\/uploads\/2021\/09\/luisaundkatrin-96x96.jpeg\",\"contentUrl\":\"https:\/\/erzaehldavon.de\/podcast\/wordpress\/wp-content\/uploads\/2021\/09\/luisaundkatrin-96x96.jpeg\",\"caption\":\"Luisa &amp; Katrin\"},\"sameAs\":[\"https:\/\/www.instagram.com\/erzaehldavon\/\",\"https:\/\/twitter.com\/https:\/\/twitter.com\/erzaehldavon\"],\"url\":\"https:\/\/erzaehldavon.de\/podcast\/author\/podcast\/\"}]}<\/script>\n<!-- \/ Yoast SEO plugin. -->","yoast_head_json":{"title":"Tool Tipp: Instagram-Planung mit Later - erz\u00e4hl davon - der Podcast","robots":{"index":"index","follow":"follow","max-snippet":"max-snippet:-1","max-image-preview":"max-image-preview:large","max-video-preview":"max-video-preview:-1"},"canonical":"https:\/\/erzaehldavon.de\/podcast\/tool-tipp-later\/","og_locale":"de_DE","og_type":"article","og_title":"Tool Tipp: Instagram-Planung mit Later - erz\u00e4hl davon - der Podcast","og_description":"&nbsp; Wie machen das die anderen nur auf Instagram: st\u00e4ndig coole Posts raushauen mit gutem Inhalt, die sich auch optisch immer passend in den bestehenden Feed einf\u00fcgen? Ganz einfach: vorplanen! Wir haben ja schon oft den guten alten Redaktionsplan auf Papier gelobt, aber f\u00fcr Social Media darfs auch gern digital sein. Welche Vorteile haben &hellip;","og_url":"https:\/\/erzaehldavon.de\/podcast\/tool-tipp-later\/","og_site_name":"erz\u00e4hl davon - der Podcast","article_published_time":"2019-03-24T05:00:55+00:00","article_modified_time":"2024-03-30T17:34:20+00:00","og_image":[{"width":1920,"height":1080,"url":"https:\/\/erzaehldavon.de\/podcast\/wordpress\/wp-content\/uploads\/2019\/03\/YouTube_076.png","type":"image\/png"}],"author":"Luisa &amp; Katrin","twitter_card":"summary_large_image","twitter_creator":"@https:\/\/twitter.com\/erzaehldavon","twitter_site":"@erzaehldavon","twitter_misc":{"Verfasst von":"Luisa &amp; Katrin","Gesch\u00e4tzte Lesezeit":"1\u00a0Minute"},"schema":{"@context":"https:\/\/schema.org","@graph":[{"@type":"Article","@id":"https:\/\/erzaehldavon.de\/podcast\/tool-tipp-later\/#article","isPartOf":{"@id":"https:\/\/erzaehldavon.de\/podcast\/tool-tipp-later\/"},"author":{"name":"Luisa &amp; Katrin","@id":"https:\/\/erzaehldavon.de\/podcast\/#\/schema\/person\/6e5b30118728bded4403a0d0da29f623"},"headline":"Tool Tipp: Instagram-Planung mit Later","datePublished":"2019-03-24T05:00:55+00:00","dateModified":"2024-03-30T17:34:20+00:00","mainEntityOfPage":{"@id":"https:\/\/erzaehldavon.de\/podcast\/tool-tipp-later\/"},"wordCount":279,"publisher":{"@id":"https:\/\/erzaehldavon.de\/podcast\/#organization"},"image":{"@id":"https:\/\/erzaehldavon.de\/podcast\/tool-tipp-later\/#primaryimage"},"thumbnailUrl":"https:\/\/erzaehldavon.de\/podcast\/wordpress\/wp-content\/uploads\/2019\/03\/Podcast_Folge_076.png","keywords":["Podcast-Folge","Tool-Tipp"],"inLanguage":"de"},{"@type":"WebPage","@id":"https:\/\/erzaehldavon.de\/podcast\/tool-tipp-later\/","url":"https:\/\/erzaehldavon.de\/podcast\/tool-tipp-later\/","name":"Tool Tipp: Instagram-Planung mit Later - erz\u00e4hl davon - der Podcast","isPartOf":{"@id":"https:\/\/erzaehldavon.de\/podcast\/#website"},"primaryImageOfPage":{"@id":"https:\/\/erzaehldavon.de\/podcast\/tool-tipp-later\/#primaryimage"},"image":{"@id":"https:\/\/erzaehldavon.de\/podcast\/tool-tipp-later\/#primaryimage"},"thumbnailUrl":"https:\/\/erzaehldavon.de\/podcast\/wordpress\/wp-content\/uploads\/2019\/03\/Podcast_Folge_076.png","datePublished":"2019-03-24T05:00:55+00:00","dateModified":"2024-03-30T17:34:20+00:00","breadcrumb":{"@id":"https:\/\/erzaehldavon.de\/podcast\/tool-tipp-later\/#breadcrumb"},"inLanguage":"de","potentialAction":[{"@type":"ReadAction","target":["https:\/\/erzaehldavon.de\/podcast\/tool-tipp-later\/"]}]},{"@type":"ImageObject","inLanguage":"de","@id":"https:\/\/erzaehldavon.de\/podcast\/tool-tipp-later\/#primaryimage","url":"https:\/\/erzaehldavon.de\/podcast\/wordpress\/wp-content\/uploads\/2019\/03\/Podcast_Folge_076.png","contentUrl":"https:\/\/erzaehldavon.de\/podcast\/wordpress\/wp-content\/uploads\/2019\/03\/Podcast_Folge_076.png","width":1815,"height":1815},{"@type":"BreadcrumbList","@id":"https:\/\/erzaehldavon.de\/podcast\/tool-tipp-later\/#breadcrumb","itemListElement":[{"@type":"ListItem","position":1,"name":"Startseite","item":"https:\/\/erzaehldavon.de\/podcast\/"},{"@type":"ListItem","position":2,"name":"Tool Tipp: Instagram-Planung mit Later"}]},{"@type":"WebSite","@id":"https:\/\/erzaehldavon.de\/podcast\/#website","url":"https:\/\/erzaehldavon.de\/podcast\/","name":"erz\u00e4hl davon - der Podcast","description":"Der Podcast f\u00fcr gute Kommunikation im Ehrenamt","publisher":{"@id":"https:\/\/erzaehldavon.de\/podcast\/#organization"},"potentialAction":[{"@type":"SearchAction","target":{"@type":"EntryPoint","urlTemplate":"https:\/\/erzaehldavon.de\/podcast\/?s={search_term_string}"},"query-input":"required name=search_term_string"}],"inLanguage":"de"},{"@type":"Organization","@id":"https:\/\/erzaehldavon.de\/podcast\/#organization","name":"erz\u00e4hl davon - der Podcast","url":"https:\/\/erzaehldavon.de\/podcast\/","logo":{"@type":"ImageObject","inLanguage":"de","@id":"https:\/\/erzaehldavon.de\/podcast\/#\/schema\/logo\/image\/","url":"https:\/\/erzaehldavon.de\/podcast\/wordpress\/wp-content\/uploads\/2017\/06\/cropped-erzaehldavonpodcastheader-1.png","contentUrl":"https:\/\/erzaehldavon.de\/podcast\/wordpress\/wp-content\/uploads\/2017\/06\/cropped-erzaehldavonpodcastheader-1.png","width":750,"height":200,"caption":"erz\u00e4hl davon - der Podcast"},"image":{"@id":"https:\/\/erzaehldavon.de\/podcast\/#\/schema\/logo\/image\/"},"sameAs":["https:\/\/twitter.com\/erzaehldavon","https:\/\/www.instagram.com\/erzaehldavon\/","https:\/\/www.youtube.com\/channel\/UCT2WPSuqfdhukxTzzqKSiPQ"]},{"@type":"Person","@id":"https:\/\/erzaehldavon.de\/podcast\/#\/schema\/person\/6e5b30118728bded4403a0d0da29f623","name":"Luisa &amp; Katrin","image":{"@type":"ImageObject","inLanguage":"de","@id":"https:\/\/erzaehldavon.de\/podcast\/#\/schema\/person\/image\/","url":"https:\/\/erzaehldavon.de\/podcast\/wordpress\/wp-content\/uploads\/2021\/09\/luisaundkatrin-96x96.jpeg","contentUrl":"https:\/\/erzaehldavon.de\/podcast\/wordpress\/wp-content\/uploads\/2021\/09\/luisaundkatrin-96x96.jpeg","caption":"Luisa &amp; Katrin"},"sameAs":["https:\/\/www.instagram.com\/erzaehldavon\/","https:\/\/twitter.com\/https:\/\/twitter.com\/erzaehldavon"],"url":"https:\/\/erzaehldavon.de\/podcast\/author\/podcast\/"}]}},"_links":{"self":[{"href":"https:\/\/erzaehldavon.de\/podcast\/wp-json\/wp\/v2\/posts\/919"}],"collection":[{"href":"https:\/\/erzaehldavon.de\/podcast\/wp-json\/wp\/v2\/posts"}],"about":[{"href":"https:\/\/erzaehldavon.de\/podcast\/wp-json\/wp\/v2\/types\/post"}],"author":[{"embeddable":true,"href":"https:\/\/erzaehldavon.de\/podcast\/wp-json\/wp\/v2\/users\/1"}],"replies":[{"embeddable":true,"href":"https:\/\/erzaehldavon.de\/podcast\/wp-json\/wp\/v2\/comments?post=919"}],"version-history":[{"count":7,"href":"https:\/\/erzaehldavon.de\/podcast\/wp-json\/wp\/v2\/posts\/919\/revisions"}],"predecessor-version":[{"id":1299,"href":"https:\/\/erzaehldavon.de\/podcast\/wp-json\/wp\/v2\/posts\/919\/revisions\/1299"}],"wp:featuredmedia":[{"embeddable":true,"href":"https:\/\/erzaehldavon.de\/podcast\/wp-json\/wp\/v2\/media\/920"}],"wp:attachment":[{"href":"https:\/\/erzaehldavon.de\/podcast\/wp-json\/wp\/v2\/media?parent=919"}],"wp:term":[{"taxonomy":"category","embeddable":true,"href":"https:\/\/erzaehldavon.de\/podcast\/wp-json\/wp\/v2\/categories?post=919"},{"taxonomy":"post_tag","embeddable":true,"href":"https:\/\/erzaehldavon.de\/podcast\/wp-json\/wp\/v2\/tags?post=919"}],"curies":[{"name":"wp","href":"https:\/\/api.w.org\/{rel}","templated":true}]}}