{"id":849,"date":"2018-11-11T08:00:51","date_gmt":"2018-11-11T07:00:51","guid":{"rendered":"podlove-2018-11-10t14:40:55+00:00-d03eb8bb0790a7f"},"modified":"2024-03-30T18:34:22","modified_gmt":"2024-03-30T17:34:22","slug":"folge-065-weihnachten-naht-kommunikation-fuer-die-feiertage-planen","status":"publish","type":"post","link":"https:\/\/erzaehldavon.de\/podcast\/folge-065-weihnachten-naht-kommunikation-fuer-die-feiertage-planen\/","title":{"rendered":"Folge 065: Weihnachten naht! Kommunikation f\u00fcr die Feiertage planen"},"content":{"rendered":"<p>Der Dezember ist f\u00fcr viele Vereine ein ganz wichtiger Monat, denn Weihnachtszeit ist Spendenzeit. Gro\u00dfe Organisationen planen deshalb bereits jetzt ihre Spendenkampagnen, um die Vereinskassen wieder aufzuf\u00fcllen. Der besinnliche Monat bietet aber auch noch super viele andere M\u00f6glichkeiten f\u00fcr die Vereinskommunikation! Wir pr\u00e4sentieren euch in dieser Folge coole Ideen, wie ihr im Dezember auf Facebook, Instagram und co Wirbel macht und damit Aufmerksamkeit und neue Unterst\u00fctzer f\u00fcr euer Thema gewinnt! Dabei sammeln wir erstmal allgemein Themen rund um die Weihnachtszeit und geben euch Anregungen und Inspiration f\u00fcr euren Content auf Social Media und sprechen dann im zweiten Teil \u00fcber das Format Adventskalender und wie ihr daf\u00fcr schon jetzt Ideen sammeln k\u00f6nnt.<\/p>\n<h2>Inhalte<\/h2>\n<table>\n<tbody>\n<tr>\n<td width=\"66\">01:28<\/td>\n<td width=\"538\">3 Oberthemen: Was f\u00fcr Themen sind relevant im Dezember? Wie kann man einen Vereins-Adventskalender gestalten? Welche M\u00f6glichkeiten gibt\u2019s f\u00fcr Weihnachtsmuffel?<\/td>\n<\/tr>\n<tr>\n<td width=\"66\">02:03<\/td>\n<td width=\"538\">Inspiration f\u00fcr die Vereinskommunikation im Dezember: unsere Ideen und konkrete Beispiele<\/td>\n<\/tr>\n<tr>\n<td width=\"66\">24:34<\/td>\n<td width=\"538\">Wie ihr einen eigenen Vereins-Adventskalender f\u00fcr eure Community und Unterst\u00fctzerInnen entwickeln k\u00f6nnt<\/td>\n<\/tr>\n<tr>\n<td width=\"66\">33:52<\/td>\n<td width=\"538\">Content vorproduzieren: Wie geht\u2019s?<\/td>\n<\/tr>\n<tr>\n<td width=\"66\">36:18<\/td>\n<td width=\"538\">Weihnachten: mit dem Flu\u00df schwimmen oder dagegen?<\/td>\n<\/tr>\n<\/tbody>\n<\/table>\n<h2>Tools &amp; Links<\/h2>\n<p><strong>Adventskalender Plugin WordPress:<\/strong><br \/>\n<a href=\"https:\/\/pialauck.de\/wordpress-adventskalender\/\">https:\/\/pialauck.de\/wordpress-adventskalender\/<\/a><br \/>\n<a href=\"https:\/\/codecanyon.net\/item\/xmas-advent-calendar-wordpress-plugin\/\">https:\/\/codecanyon.net\/item\/xmas-advent-calendar-wordpress-plugin\/<\/a><\/p>\n<p><strong>Ein gutes Beispiel:<\/strong> <a href=\"https:\/\/erzaehldavon.de\/podcast\/034-vereins-adventskalender\/\">der Adventkalender von MuSe e.V.<\/a><\/p>\n<h2>Beim Podcast mitmachen<\/h2>\n<p>Wir sprechen in jeder Episode mit einem Gast \u00fcber ein bestimmtes Thema. <a href=\"https:\/\/erzaehldavon.de\/podcast\/kontakt\/\">Meldet euch<\/a>, wenn ihr Themenideen habt oder selber als Gast an unserem Podcast teilnehmen m\u00f6chtet!<\/p>\n<p>Folgt uns auf Instagram, um uns bei der Arbeit \u00fcber die Schulter zu gucken: <a href=\"https:\/\/www.instagram.com\/erzaehldavon\/\">@erzaehldavon<\/a><\/p>\n<p>Mehr zu unserem Projekt auf <a href=\"https:\/\/erzaehldavon.de\">erzaehldavon.de<\/a>. <a href=\"https:\/\/erzaehldavon.de\/login\/\">Jetzt anmelden<\/a>\u00a0und Kurse besuchen:\u00a0<a href=\"http:\/\/www.erzaehldavon.de\/\">erzaehldavon.de<\/a><\/p>\n<p><strong>Auf dem Laufenden bleibt ihr mit dem erz\u00e4hl davon\u00a0<a href=\"https:\/\/erzaehldavon.de\/newsletter\/\">Newsletter (alle 14 Tage)<\/a>.\u00a0<\/strong><\/p>\n<h2>Podcast abonnieren<\/h2>\n<p><strong>erz\u00e4hl davon \u2013 der Podcast f\u00fcr gute Kommunikation im Ehrenamt. <\/strong><\/p>\n<p>Abonnieren auf Apple Podcasts: <a href=\"https:\/\/itunes.apple.com\/de\/podcast\/erz%C3%A4hl-davon\/id1254445746?\">erz\u00e4hl davon<\/a><\/p>\n<p>F\u00fcr Android-User: Subscribe on <a href=\"https:\/\/subscribeonandroid.com\/erzaehldavon.de\/podcast\/feed\/mp3\">Android<\/a>, zum Beispiel mit der <em>Podcast Addict<\/em>-App<\/p>\n<p>Abonnieren auf YouTube: <a href=\"https:\/\/www.youtube.com\/playlist?list=PL9zIkpM5dXX0FBau2EkoO-ccla2drSvwt\">erz\u00e4hl davon-Kanal<\/a><\/p>\n","protected":false},"excerpt":{"rendered":"<p>Der Dezember ist f\u00fcr viele Vereine ein ganz wichtiger Monat, denn Weihnachtszeit ist Spendenzeit. Gro\u00dfe Organisationen planen deshalb bereits jetzt ihre Spendenkampagnen, um die Vereinskassen wieder aufzuf\u00fcllen. Der besinnliche Monat bietet aber auch noch super viele andere M\u00f6glichkeiten f\u00fcr die Vereinskommunikation! Wir pr\u00e4sentieren euch in dieser Folge coole Ideen, wie ihr im Dezember auf &hellip; <\/p>\n","protected":false},"author":1,"featured_media":853,"comment_status":"closed","ping_status":"open","sticky":false,"template":"","format":"standard","meta":{"footnotes":""},"categories":[],"tags":[14],"yoast_head":"<!-- This site is optimized with the Yoast SEO plugin v22.4 - https:\/\/yoast.com\/wordpress\/plugins\/seo\/ -->\n<title>Folge 065: Weihnachten naht! Kommunikation f\u00fcr die Feiertage planen - erz\u00e4hl davon - der Podcast<\/title>\n<meta name=\"description\" content=\"Wir pr\u00e4sentieren euch in dieser Folge coole Ideen, wie ihr im Dezember auf Facebook, Instagram und co Wirbel macht und damit Aufmerksamkeit und neue Unterst\u00fctzer f\u00fcr euer Thema gewinnt!\" \/>\n<meta name=\"robots\" content=\"index, follow, max-snippet:-1, max-image-preview:large, max-video-preview:-1\" \/>\n<link rel=\"canonical\" href=\"https:\/\/erzaehldavon.de\/podcast\/folge-065-weihnachten-naht-kommunikation-fuer-die-feiertage-planen\/\" \/>\n<meta property=\"og:locale\" content=\"de_DE\" \/>\n<meta property=\"og:type\" content=\"article\" \/>\n<meta property=\"og:title\" content=\"Folge 065: Weihnachten naht! Kommunikation f\u00fcr die Feiertage planen - erz\u00e4hl davon - der Podcast\" \/>\n<meta property=\"og:description\" content=\"Wir pr\u00e4sentieren euch in dieser Folge coole Ideen, wie ihr im Dezember auf Facebook, Instagram und co Wirbel macht und damit Aufmerksamkeit und neue Unterst\u00fctzer f\u00fcr euer Thema gewinnt!\" \/>\n<meta property=\"og:url\" content=\"https:\/\/erzaehldavon.de\/podcast\/folge-065-weihnachten-naht-kommunikation-fuer-die-feiertage-planen\/\" \/>\n<meta property=\"og:site_name\" content=\"erz\u00e4hl davon - der Podcast\" \/>\n<meta property=\"article:published_time\" content=\"2018-11-11T07:00:51+00:00\" \/>\n<meta property=\"article:modified_time\" content=\"2024-03-30T17:34:22+00:00\" \/>\n<meta property=\"og:image\" content=\"https:\/\/erzaehldavon.de\/podcast\/wordpress\/wp-content\/uploads\/2018\/11\/YouTube_065.png\" \/>\n\t<meta property=\"og:image:width\" content=\"1920\" \/>\n\t<meta property=\"og:image:height\" content=\"1080\" \/>\n\t<meta property=\"og:image:type\" content=\"image\/png\" \/>\n<meta name=\"author\" content=\"Luisa &amp; Katrin\" \/>\n<meta name=\"twitter:card\" content=\"summary_large_image\" \/>\n<meta name=\"twitter:creator\" content=\"@https:\/\/twitter.com\/erzaehldavon\" \/>\n<meta name=\"twitter:site\" content=\"@erzaehldavon\" \/>\n<meta name=\"twitter:label1\" content=\"Verfasst von\" \/>\n\t<meta name=\"twitter:data1\" content=\"Luisa &amp; Katrin\" \/>\n\t<meta name=\"twitter:label2\" content=\"Gesch\u00e4tzte Lesezeit\" \/>\n\t<meta name=\"twitter:data2\" content=\"2\u00a0Minuten\" \/>\n<script type=\"application\/ld+json\" class=\"yoast-schema-graph\">{\"@context\":\"https:\/\/schema.org\",\"@graph\":[{\"@type\":\"Article\",\"@id\":\"https:\/\/erzaehldavon.de\/podcast\/folge-065-weihnachten-naht-kommunikation-fuer-die-feiertage-planen\/#article\",\"isPartOf\":{\"@id\":\"https:\/\/erzaehldavon.de\/podcast\/folge-065-weihnachten-naht-kommunikation-fuer-die-feiertage-planen\/\"},\"author\":{\"name\":\"Luisa &amp; Katrin\",\"@id\":\"https:\/\/erzaehldavon.de\/podcast\/#\/schema\/person\/6e5b30118728bded4403a0d0da29f623\"},\"headline\":\"Folge 065: Weihnachten naht! Kommunikation f\u00fcr die Feiertage planen\",\"datePublished\":\"2018-11-11T07:00:51+00:00\",\"dateModified\":\"2024-03-30T17:34:22+00:00\",\"mainEntityOfPage\":{\"@id\":\"https:\/\/erzaehldavon.de\/podcast\/folge-065-weihnachten-naht-kommunikation-fuer-die-feiertage-planen\/\"},\"wordCount\":329,\"publisher\":{\"@id\":\"https:\/\/erzaehldavon.de\/podcast\/#organization\"},\"image\":{\"@id\":\"https:\/\/erzaehldavon.de\/podcast\/folge-065-weihnachten-naht-kommunikation-fuer-die-feiertage-planen\/#primaryimage\"},\"thumbnailUrl\":\"https:\/\/erzaehldavon.de\/podcast\/wordpress\/wp-content\/uploads\/2018\/11\/Podcast_Folge_065.png\",\"keywords\":[\"Podcast-Folge\"],\"inLanguage\":\"de\"},{\"@type\":\"WebPage\",\"@id\":\"https:\/\/erzaehldavon.de\/podcast\/folge-065-weihnachten-naht-kommunikation-fuer-die-feiertage-planen\/\",\"url\":\"https:\/\/erzaehldavon.de\/podcast\/folge-065-weihnachten-naht-kommunikation-fuer-die-feiertage-planen\/\",\"name\":\"Folge 065: Weihnachten naht! Kommunikation f\u00fcr die Feiertage planen - erz\u00e4hl davon - der Podcast\",\"isPartOf\":{\"@id\":\"https:\/\/erzaehldavon.de\/podcast\/#website\"},\"primaryImageOfPage\":{\"@id\":\"https:\/\/erzaehldavon.de\/podcast\/folge-065-weihnachten-naht-kommunikation-fuer-die-feiertage-planen\/#primaryimage\"},\"image\":{\"@id\":\"https:\/\/erzaehldavon.de\/podcast\/folge-065-weihnachten-naht-kommunikation-fuer-die-feiertage-planen\/#primaryimage\"},\"thumbnailUrl\":\"https:\/\/erzaehldavon.de\/podcast\/wordpress\/wp-content\/uploads\/2018\/11\/Podcast_Folge_065.png\",\"datePublished\":\"2018-11-11T07:00:51+00:00\",\"dateModified\":\"2024-03-30T17:34:22+00:00\",\"description\":\"Wir pr\u00e4sentieren euch in dieser Folge coole Ideen, wie ihr im Dezember auf Facebook, Instagram und co Wirbel macht und damit Aufmerksamkeit und neue Unterst\u00fctzer f\u00fcr euer Thema gewinnt!\",\"breadcrumb\":{\"@id\":\"https:\/\/erzaehldavon.de\/podcast\/folge-065-weihnachten-naht-kommunikation-fuer-die-feiertage-planen\/#breadcrumb\"},\"inLanguage\":\"de\",\"potentialAction\":[{\"@type\":\"ReadAction\",\"target\":[\"https:\/\/erzaehldavon.de\/podcast\/folge-065-weihnachten-naht-kommunikation-fuer-die-feiertage-planen\/\"]}]},{\"@type\":\"ImageObject\",\"inLanguage\":\"de\",\"@id\":\"https:\/\/erzaehldavon.de\/podcast\/folge-065-weihnachten-naht-kommunikation-fuer-die-feiertage-planen\/#primaryimage\",\"url\":\"https:\/\/erzaehldavon.de\/podcast\/wordpress\/wp-content\/uploads\/2018\/11\/Podcast_Folge_065.png\",\"contentUrl\":\"https:\/\/erzaehldavon.de\/podcast\/wordpress\/wp-content\/uploads\/2018\/11\/Podcast_Folge_065.png\",\"width\":1815,\"height\":1815},{\"@type\":\"BreadcrumbList\",\"@id\":\"https:\/\/erzaehldavon.de\/podcast\/folge-065-weihnachten-naht-kommunikation-fuer-die-feiertage-planen\/#breadcrumb\",\"itemListElement\":[{\"@type\":\"ListItem\",\"position\":1,\"name\":\"Startseite\",\"item\":\"https:\/\/erzaehldavon.de\/podcast\/\"},{\"@type\":\"ListItem\",\"position\":2,\"name\":\"Folge 065: Weihnachten naht! Kommunikation f\u00fcr die Feiertage planen\"}]},{\"@type\":\"WebSite\",\"@id\":\"https:\/\/erzaehldavon.de\/podcast\/#website\",\"url\":\"https:\/\/erzaehldavon.de\/podcast\/\",\"name\":\"erz\u00e4hl davon - der Podcast\",\"description\":\"Der Podcast f\u00fcr gute Kommunikation im Ehrenamt\",\"publisher\":{\"@id\":\"https:\/\/erzaehldavon.de\/podcast\/#organization\"},\"potentialAction\":[{\"@type\":\"SearchAction\",\"target\":{\"@type\":\"EntryPoint\",\"urlTemplate\":\"https:\/\/erzaehldavon.de\/podcast\/?s={search_term_string}\"},\"query-input\":\"required name=search_term_string\"}],\"inLanguage\":\"de\"},{\"@type\":\"Organization\",\"@id\":\"https:\/\/erzaehldavon.de\/podcast\/#organization\",\"name\":\"erz\u00e4hl davon - der Podcast\",\"url\":\"https:\/\/erzaehldavon.de\/podcast\/\",\"logo\":{\"@type\":\"ImageObject\",\"inLanguage\":\"de\",\"@id\":\"https:\/\/erzaehldavon.de\/podcast\/#\/schema\/logo\/image\/\",\"url\":\"https:\/\/erzaehldavon.de\/podcast\/wordpress\/wp-content\/uploads\/2017\/06\/cropped-erzaehldavonpodcastheader-1.png\",\"contentUrl\":\"https:\/\/erzaehldavon.de\/podcast\/wordpress\/wp-content\/uploads\/2017\/06\/cropped-erzaehldavonpodcastheader-1.png\",\"width\":750,\"height\":200,\"caption\":\"erz\u00e4hl davon - der Podcast\"},\"image\":{\"@id\":\"https:\/\/erzaehldavon.de\/podcast\/#\/schema\/logo\/image\/\"},\"sameAs\":[\"https:\/\/twitter.com\/erzaehldavon\",\"https:\/\/www.instagram.com\/erzaehldavon\/\",\"https:\/\/www.youtube.com\/channel\/UCT2WPSuqfdhukxTzzqKSiPQ\"]},{\"@type\":\"Person\",\"@id\":\"https:\/\/erzaehldavon.de\/podcast\/#\/schema\/person\/6e5b30118728bded4403a0d0da29f623\",\"name\":\"Luisa &amp; Katrin\",\"image\":{\"@type\":\"ImageObject\",\"inLanguage\":\"de\",\"@id\":\"https:\/\/erzaehldavon.de\/podcast\/#\/schema\/person\/image\/\",\"url\":\"https:\/\/erzaehldavon.de\/podcast\/wordpress\/wp-content\/uploads\/2021\/09\/luisaundkatrin-96x96.jpeg\",\"contentUrl\":\"https:\/\/erzaehldavon.de\/podcast\/wordpress\/wp-content\/uploads\/2021\/09\/luisaundkatrin-96x96.jpeg\",\"caption\":\"Luisa &amp; Katrin\"},\"sameAs\":[\"https:\/\/www.instagram.com\/erzaehldavon\/\",\"https:\/\/twitter.com\/https:\/\/twitter.com\/erzaehldavon\"],\"url\":\"https:\/\/erzaehldavon.de\/podcast\/author\/podcast\/\"}]}<\/script>\n<!-- \/ Yoast SEO plugin. -->","yoast_head_json":{"title":"Folge 065: Weihnachten naht! Kommunikation f\u00fcr die Feiertage planen - erz\u00e4hl davon - der Podcast","description":"Wir pr\u00e4sentieren euch in dieser Folge coole Ideen, wie ihr im Dezember auf Facebook, Instagram und co Wirbel macht und damit Aufmerksamkeit und neue Unterst\u00fctzer f\u00fcr euer Thema gewinnt!","robots":{"index":"index","follow":"follow","max-snippet":"max-snippet:-1","max-image-preview":"max-image-preview:large","max-video-preview":"max-video-preview:-1"},"canonical":"https:\/\/erzaehldavon.de\/podcast\/folge-065-weihnachten-naht-kommunikation-fuer-die-feiertage-planen\/","og_locale":"de_DE","og_type":"article","og_title":"Folge 065: Weihnachten naht! Kommunikation f\u00fcr die Feiertage planen - erz\u00e4hl davon - der Podcast","og_description":"Wir pr\u00e4sentieren euch in dieser Folge coole Ideen, wie ihr im Dezember auf Facebook, Instagram und co Wirbel macht und damit Aufmerksamkeit und neue Unterst\u00fctzer f\u00fcr euer Thema gewinnt!","og_url":"https:\/\/erzaehldavon.de\/podcast\/folge-065-weihnachten-naht-kommunikation-fuer-die-feiertage-planen\/","og_site_name":"erz\u00e4hl davon - der Podcast","article_published_time":"2018-11-11T07:00:51+00:00","article_modified_time":"2024-03-30T17:34:22+00:00","og_image":[{"width":1920,"height":1080,"url":"https:\/\/erzaehldavon.de\/podcast\/wordpress\/wp-content\/uploads\/2018\/11\/YouTube_065.png","type":"image\/png"}],"author":"Luisa &amp; Katrin","twitter_card":"summary_large_image","twitter_creator":"@https:\/\/twitter.com\/erzaehldavon","twitter_site":"@erzaehldavon","twitter_misc":{"Verfasst von":"Luisa &amp; Katrin","Gesch\u00e4tzte Lesezeit":"2\u00a0Minuten"},"schema":{"@context":"https:\/\/schema.org","@graph":[{"@type":"Article","@id":"https:\/\/erzaehldavon.de\/podcast\/folge-065-weihnachten-naht-kommunikation-fuer-die-feiertage-planen\/#article","isPartOf":{"@id":"https:\/\/erzaehldavon.de\/podcast\/folge-065-weihnachten-naht-kommunikation-fuer-die-feiertage-planen\/"},"author":{"name":"Luisa &amp; Katrin","@id":"https:\/\/erzaehldavon.de\/podcast\/#\/schema\/person\/6e5b30118728bded4403a0d0da29f623"},"headline":"Folge 065: Weihnachten naht! Kommunikation f\u00fcr die Feiertage planen","datePublished":"2018-11-11T07:00:51+00:00","dateModified":"2024-03-30T17:34:22+00:00","mainEntityOfPage":{"@id":"https:\/\/erzaehldavon.de\/podcast\/folge-065-weihnachten-naht-kommunikation-fuer-die-feiertage-planen\/"},"wordCount":329,"publisher":{"@id":"https:\/\/erzaehldavon.de\/podcast\/#organization"},"image":{"@id":"https:\/\/erzaehldavon.de\/podcast\/folge-065-weihnachten-naht-kommunikation-fuer-die-feiertage-planen\/#primaryimage"},"thumbnailUrl":"https:\/\/erzaehldavon.de\/podcast\/wordpress\/wp-content\/uploads\/2018\/11\/Podcast_Folge_065.png","keywords":["Podcast-Folge"],"inLanguage":"de"},{"@type":"WebPage","@id":"https:\/\/erzaehldavon.de\/podcast\/folge-065-weihnachten-naht-kommunikation-fuer-die-feiertage-planen\/","url":"https:\/\/erzaehldavon.de\/podcast\/folge-065-weihnachten-naht-kommunikation-fuer-die-feiertage-planen\/","name":"Folge 065: Weihnachten naht! Kommunikation f\u00fcr die Feiertage planen - erz\u00e4hl davon - der Podcast","isPartOf":{"@id":"https:\/\/erzaehldavon.de\/podcast\/#website"},"primaryImageOfPage":{"@id":"https:\/\/erzaehldavon.de\/podcast\/folge-065-weihnachten-naht-kommunikation-fuer-die-feiertage-planen\/#primaryimage"},"image":{"@id":"https:\/\/erzaehldavon.de\/podcast\/folge-065-weihnachten-naht-kommunikation-fuer-die-feiertage-planen\/#primaryimage"},"thumbnailUrl":"https:\/\/erzaehldavon.de\/podcast\/wordpress\/wp-content\/uploads\/2018\/11\/Podcast_Folge_065.png","datePublished":"2018-11-11T07:00:51+00:00","dateModified":"2024-03-30T17:34:22+00:00","description":"Wir pr\u00e4sentieren euch in dieser Folge coole Ideen, wie ihr im Dezember auf Facebook, Instagram und co Wirbel macht und damit Aufmerksamkeit und neue Unterst\u00fctzer f\u00fcr euer Thema gewinnt!","breadcrumb":{"@id":"https:\/\/erzaehldavon.de\/podcast\/folge-065-weihnachten-naht-kommunikation-fuer-die-feiertage-planen\/#breadcrumb"},"inLanguage":"de","potentialAction":[{"@type":"ReadAction","target":["https:\/\/erzaehldavon.de\/podcast\/folge-065-weihnachten-naht-kommunikation-fuer-die-feiertage-planen\/"]}]},{"@type":"ImageObject","inLanguage":"de","@id":"https:\/\/erzaehldavon.de\/podcast\/folge-065-weihnachten-naht-kommunikation-fuer-die-feiertage-planen\/#primaryimage","url":"https:\/\/erzaehldavon.de\/podcast\/wordpress\/wp-content\/uploads\/2018\/11\/Podcast_Folge_065.png","contentUrl":"https:\/\/erzaehldavon.de\/podcast\/wordpress\/wp-content\/uploads\/2018\/11\/Podcast_Folge_065.png","width":1815,"height":1815},{"@type":"BreadcrumbList","@id":"https:\/\/erzaehldavon.de\/podcast\/folge-065-weihnachten-naht-kommunikation-fuer-die-feiertage-planen\/#breadcrumb","itemListElement":[{"@type":"ListItem","position":1,"name":"Startseite","item":"https:\/\/erzaehldavon.de\/podcast\/"},{"@type":"ListItem","position":2,"name":"Folge 065: Weihnachten naht! Kommunikation f\u00fcr die Feiertage planen"}]},{"@type":"WebSite","@id":"https:\/\/erzaehldavon.de\/podcast\/#website","url":"https:\/\/erzaehldavon.de\/podcast\/","name":"erz\u00e4hl davon - der Podcast","description":"Der Podcast f\u00fcr gute Kommunikation im Ehrenamt","publisher":{"@id":"https:\/\/erzaehldavon.de\/podcast\/#organization"},"potentialAction":[{"@type":"SearchAction","target":{"@type":"EntryPoint","urlTemplate":"https:\/\/erzaehldavon.de\/podcast\/?s={search_term_string}"},"query-input":"required name=search_term_string"}],"inLanguage":"de"},{"@type":"Organization","@id":"https:\/\/erzaehldavon.de\/podcast\/#organization","name":"erz\u00e4hl davon - der Podcast","url":"https:\/\/erzaehldavon.de\/podcast\/","logo":{"@type":"ImageObject","inLanguage":"de","@id":"https:\/\/erzaehldavon.de\/podcast\/#\/schema\/logo\/image\/","url":"https:\/\/erzaehldavon.de\/podcast\/wordpress\/wp-content\/uploads\/2017\/06\/cropped-erzaehldavonpodcastheader-1.png","contentUrl":"https:\/\/erzaehldavon.de\/podcast\/wordpress\/wp-content\/uploads\/2017\/06\/cropped-erzaehldavonpodcastheader-1.png","width":750,"height":200,"caption":"erz\u00e4hl davon - der Podcast"},"image":{"@id":"https:\/\/erzaehldavon.de\/podcast\/#\/schema\/logo\/image\/"},"sameAs":["https:\/\/twitter.com\/erzaehldavon","https:\/\/www.instagram.com\/erzaehldavon\/","https:\/\/www.youtube.com\/channel\/UCT2WPSuqfdhukxTzzqKSiPQ"]},{"@type":"Person","@id":"https:\/\/erzaehldavon.de\/podcast\/#\/schema\/person\/6e5b30118728bded4403a0d0da29f623","name":"Luisa &amp; Katrin","image":{"@type":"ImageObject","inLanguage":"de","@id":"https:\/\/erzaehldavon.de\/podcast\/#\/schema\/person\/image\/","url":"https:\/\/erzaehldavon.de\/podcast\/wordpress\/wp-content\/uploads\/2021\/09\/luisaundkatrin-96x96.jpeg","contentUrl":"https:\/\/erzaehldavon.de\/podcast\/wordpress\/wp-content\/uploads\/2021\/09\/luisaundkatrin-96x96.jpeg","caption":"Luisa &amp; Katrin"},"sameAs":["https:\/\/www.instagram.com\/erzaehldavon\/","https:\/\/twitter.com\/https:\/\/twitter.com\/erzaehldavon"],"url":"https:\/\/erzaehldavon.de\/podcast\/author\/podcast\/"}]}},"_links":{"self":[{"href":"https:\/\/erzaehldavon.de\/podcast\/wp-json\/wp\/v2\/posts\/849"}],"collection":[{"href":"https:\/\/erzaehldavon.de\/podcast\/wp-json\/wp\/v2\/posts"}],"about":[{"href":"https:\/\/erzaehldavon.de\/podcast\/wp-json\/wp\/v2\/types\/post"}],"author":[{"embeddable":true,"href":"https:\/\/erzaehldavon.de\/podcast\/wp-json\/wp\/v2\/users\/1"}],"replies":[{"embeddable":true,"href":"https:\/\/erzaehldavon.de\/podcast\/wp-json\/wp\/v2\/comments?post=849"}],"version-history":[{"count":1,"href":"https:\/\/erzaehldavon.de\/podcast\/wp-json\/wp\/v2\/posts\/849\/revisions"}],"predecessor-version":[{"id":852,"href":"https:\/\/erzaehldavon.de\/podcast\/wp-json\/wp\/v2\/posts\/849\/revisions\/852"}],"wp:featuredmedia":[{"embeddable":true,"href":"https:\/\/erzaehldavon.de\/podcast\/wp-json\/wp\/v2\/media\/853"}],"wp:attachment":[{"href":"https:\/\/erzaehldavon.de\/podcast\/wp-json\/wp\/v2\/media?parent=849"}],"wp:term":[{"taxonomy":"category","embeddable":true,"href":"https:\/\/erzaehldavon.de\/podcast\/wp-json\/wp\/v2\/categories?post=849"},{"taxonomy":"post_tag","embeddable":true,"href":"https:\/\/erzaehldavon.de\/podcast\/wp-json\/wp\/v2\/tags?post=849"}],"curies":[{"name":"wp","href":"https:\/\/api.w.org\/{rel}","templated":true}]}}