{"id":626,"date":"2018-04-22T09:24:14","date_gmt":"2018-04-22T07:24:14","guid":{"rendered":"podlove-2018-04-19t06:44:51+00:00-a5b31ba3fd5ff37"},"modified":"2024-03-30T18:34:41","modified_gmt":"2024-03-30T17:34:41","slug":"leadership-mit-michael-wihlenda-world-citizen-school","status":"publish","type":"post","link":"https:\/\/erzaehldavon.de\/podcast\/leadership-mit-michael-wihlenda-world-citizen-school\/","title":{"rendered":"Folge 040: Leadership mit Michael Wihlenda (World Citizen School)"},"content":{"rendered":"<p>&nbsp;<\/p>\n<p>Verantwortung \u00fcbernehmen \u2013 gerade in der ehrenamtlichen Arbeit ist das ein gro\u00dfes Thema. Gerne dr\u00fccken wir uns davor und verpassen dabei doch ganz sch\u00f6n viel. Das m\u00f6chte Michael Wihlenda \u00e4ndern. Er ist Gr\u00fcnder der World Citizen School in T\u00fcbingen, einem freien Lernraum f\u00fcr gesellschaftlich engagierte Studierende und Young Professionals. Wir sprechen mit ihm \u00fcber die Bedeutung von Leadership, besonders mit Blick auf heutige Studierende und die Regelstudienzeit. Er erz\u00e4hlt uns, was wir durch studentisches Engagement lernen k\u00f6nnen und warum wir uns trauen sollten, die F\u00fchrung zu \u00fcbernehmen. Er spricht aus Erfahrung, denn seine eigene berufliche Laufbahn ist eng mit seinem Engagement zu Studienzeiten verbunden.<\/p>\n<h2>Inhalte<\/h2>\n<table width=\"652\">\n<tbody>\n<tr>\n<td width=\"201\">01:25<\/td>\n<td width=\"451\">Vorstellung<\/td>\n<\/tr>\n<tr>\n<td width=\"201\">03:30<\/td>\n<td width=\"451\">Wie kam es zur Gr\u00fcndung der World Citizen School?<\/td>\n<\/tr>\n<tr>\n<td width=\"201\">06:05<\/td>\n<td width=\"451\">World Citizen School in drei Worten<\/td>\n<\/tr>\n<tr>\n<td width=\"201\">06:25<\/td>\n<td width=\"451\">Warum findest du gesellschaftliches Engagement wichtig?<\/td>\n<\/tr>\n<tr>\n<td width=\"201\">07:50<\/td>\n<td width=\"451\">Was verstehst du unter selbstbestimmtem Lernen?<\/td>\n<\/tr>\n<tr>\n<td width=\"201\">09:45<\/td>\n<td width=\"451\">Wie unterst\u00fctzt die World Citizen School selbstbestimmtes Lernen?<\/td>\n<\/tr>\n<tr>\n<td width=\"201\">12:32<\/td>\n<td width=\"451\">Wie hat sich das Studium und die Art, wie Studenten heute lernen, durch die Bologna Reform ver\u00e4ndert?<\/td>\n<\/tr>\n<tr>\n<td width=\"201\">14:30<\/td>\n<td width=\"451\">Engagiert euch mit Herzblut!<\/td>\n<\/tr>\n<tr>\n<td width=\"201\">15:50<\/td>\n<td width=\"451\">Warum ist es wichtig, ein passendes Ehrenamt zu finden?<\/td>\n<\/tr>\n<tr>\n<td width=\"201\">17:15<\/td>\n<td width=\"451\">In der ehrenamtlichen Arbeit gibt es nicht dieselben Verbindlichkeiten wie im Job \u2013 welche Probleme sind damit verbunden?<\/td>\n<\/tr>\n<tr>\n<td width=\"201\">20:30<\/td>\n<td width=\"451\">Welche Erfahrungen hast du pers\u00f6nlich im Leadership und was hast du dabei gelernt?<\/td>\n<\/tr>\n<tr>\n<td width=\"201\">22:38<\/td>\n<td width=\"451\">Wie schafft man es, als Leader vom Rest der Gruppe akzeptiert zu werden?<\/td>\n<\/tr>\n<tr>\n<td width=\"201\">24:35<\/td>\n<td width=\"451\">Was lernt man als Leader?<\/td>\n<\/tr>\n<tr>\n<td width=\"201\">25:35<\/td>\n<td width=\"451\">Warum ist es heutzutage essentiell, Erfahrungen in der Teamarbeit zu sammeln?<\/td>\n<\/tr>\n<tr>\n<td width=\"201\">27:25<\/td>\n<td width=\"451\">Was macht f\u00fcr dich ein gut funktionierendes Team aus?<\/td>\n<\/tr>\n<tr>\n<td width=\"201\">28:30<\/td>\n<td width=\"451\">Was kann man f\u00fcr ein gutes Gemeinschaftsgef\u00fchl in der Gruppe tun?<\/td>\n<\/tr>\n<tr>\n<td width=\"201\">29:40<\/td>\n<td width=\"451\">Viele Studis wollen ihr Studium so schnell wie m\u00f6glich absolvieren und schrecken aus Zeitgr\u00fcnden vor einer Leadership-Rolle zur\u00fcck. Wie ermutigst du Studis, diese Bedenken beiseite zu schieben?<\/td>\n<\/tr>\n<tr>\n<td width=\"201\">31:25<\/td>\n<td width=\"451\">Die Bedeutung von Selbstorganisation in der Zukunft<\/td>\n<\/tr>\n<tr>\n<td width=\"201\">33:30<\/td>\n<td width=\"451\">Durch Engagement kann man sich beruflich breit aufstellen<\/td>\n<\/tr>\n<tr>\n<td width=\"201\">34:15<\/td>\n<td width=\"451\">Was m\u00f6chtest du an die H\u00f6rer weitergeben?<\/td>\n<\/tr>\n<\/tbody>\n<\/table>\n<h2>Links<\/h2>\n<p>Mehr Infos zur World Citizen School und den Aktivit\u00e4ten von Michael und seinem Team findet ihr auf der <a href=\"http:\/\/worldcitizen.school\/\">Homepage<\/a>. Auf <a href=\"https:\/\/www.facebook.com\/worldcitizenschools\/\">Facebook<\/a> findet ihr sie unter @worldcitizenschools, bei <a href=\"https:\/\/twitter.com\/worldcitizensch\">Twitter<\/a> unter @WorldCitizenSCH.<\/p>\n<h2>Beim Podcast mitmachen<\/h2>\n<p>Wir sprechen in jeder Episode mit einem Gast \u00fcber ein bestimmtes Thema. <a href=\"https:\/\/erzaehldavon.de\/podcast\/kontakt\/\">Meldet euch<\/a>, wenn ihr Themenideen habt oder selber als Gast an unserem Podcast teilnehmen m\u00f6chtet!<\/p>\n<p>Folgt uns auf Instagram, um uns bei der Arbeit \u00fcber die Schulter zu gucken: <a href=\"https:\/\/www.instagram.com\/erzaehldavon\/\">@erz\u00e4hldavon<\/a><\/p>\n<p>Ende Oktober 2017 haben wir unsere\u00a0<a href=\"http:\/\/www.erzaehldavon.de\/\">Plattform<\/a>\u00a0er\u00f6ffnet.\u00a0<a href=\"https:\/\/erzaehldavon.de\/login\/\">Jetzt anmelden<\/a>\u00a0und Kurse besuchen:\u00a0<a href=\"http:\/\/www.erzaehldavon.de\/\">erzaehldavon.de<\/a><\/p>\n<h2>Podcast abonnieren<\/h2>\n<p><strong>erz\u00e4hl davon \u2013 der Podcast f\u00fcr gute Kommunikation im Ehrenamt. <\/strong><\/p>\n<p>Abonnieren auf iTunes: <a href=\"https:\/\/itunes.apple.com\/de\/podcast\/erz%C3%A4hl-davon\/id1254445746?\">erz\u00e4hl davon<\/a><\/p>\n<p>F\u00fcr Android-User: Subscribe on <a href=\"https:\/\/subscribeonandroid.com\/erzaehldavon.de\/podcast\/feed\/mp3\">Android<\/a>, zum Beispiel mit der <em>Podcast Addict<\/em>-App<\/p>\n<p>Abonnieren auf YouTube: <a href=\"https:\/\/www.youtube.com\/playlist?list=PL9zIkpM5dXX0FBau2EkoO-ccla2drSvwt\">erz\u00e4hl davon-Kanal<\/a><\/p>\n","protected":false},"excerpt":{"rendered":"<p>&nbsp; Verantwortung \u00fcbernehmen \u2013 gerade in der ehrenamtlichen Arbeit ist das ein gro\u00dfes Thema. Gerne dr\u00fccken wir uns davor und verpassen dabei doch ganz sch\u00f6n viel. Das m\u00f6chte Michael Wihlenda \u00e4ndern. Er ist Gr\u00fcnder der World Citizen School in T\u00fcbingen, einem freien Lernraum f\u00fcr gesellschaftlich engagierte Studierende und Young Professionals. Wir sprechen mit ihm &hellip; <\/p>\n","protected":false},"author":2,"featured_media":627,"comment_status":"closed","ping_status":"open","sticky":false,"template":"","format":"standard","meta":{"footnotes":""},"categories":[],"tags":[15,14],"yoast_head":"<!-- This site is optimized with the Yoast SEO plugin v22.4 - https:\/\/yoast.com\/wordpress\/plugins\/seo\/ -->\n<title>Folge 040: Leadership mit Michael Wihlenda (World Citizen School) - erz\u00e4hl davon - der Podcast<\/title>\n<meta name=\"robots\" content=\"index, follow, max-snippet:-1, max-image-preview:large, max-video-preview:-1\" \/>\n<link rel=\"canonical\" href=\"https:\/\/erzaehldavon.de\/podcast\/leadership-mit-michael-wihlenda-world-citizen-school\/\" \/>\n<meta property=\"og:locale\" content=\"de_DE\" \/>\n<meta property=\"og:type\" content=\"article\" \/>\n<meta property=\"og:title\" content=\"Folge 040: Leadership mit Michael Wihlenda (World Citizen School) - erz\u00e4hl davon - der Podcast\" \/>\n<meta property=\"og:description\" content=\"&nbsp; Verantwortung \u00fcbernehmen \u2013 gerade in der ehrenamtlichen Arbeit ist das ein gro\u00dfes Thema. Gerne dr\u00fccken wir uns davor und verpassen dabei doch ganz sch\u00f6n viel. Das m\u00f6chte Michael Wihlenda \u00e4ndern. Er ist Gr\u00fcnder der World Citizen School in T\u00fcbingen, einem freien Lernraum f\u00fcr gesellschaftlich engagierte Studierende und Young Professionals. Wir sprechen mit ihm &hellip;\" \/>\n<meta property=\"og:url\" content=\"https:\/\/erzaehldavon.de\/podcast\/leadership-mit-michael-wihlenda-world-citizen-school\/\" \/>\n<meta property=\"og:site_name\" content=\"erz\u00e4hl davon - der Podcast\" \/>\n<meta property=\"article:published_time\" content=\"2018-04-22T07:24:14+00:00\" \/>\n<meta property=\"article:modified_time\" content=\"2024-03-30T17:34:41+00:00\" \/>\n<meta property=\"og:image\" content=\"https:\/\/erzaehldavon.de\/podcast\/wordpress\/wp-content\/uploads\/2018\/04\/YouTube_040.png\" \/>\n\t<meta property=\"og:image:width\" content=\"1920\" \/>\n\t<meta property=\"og:image:height\" content=\"1080\" \/>\n\t<meta property=\"og:image:type\" content=\"image\/png\" \/>\n<meta name=\"author\" content=\"Luisa\" \/>\n<meta name=\"twitter:card\" content=\"summary_large_image\" \/>\n<meta name=\"twitter:creator\" content=\"@erzaehldavon\" \/>\n<meta name=\"twitter:site\" content=\"@erzaehldavon\" \/>\n<meta name=\"twitter:label1\" content=\"Verfasst von\" \/>\n\t<meta name=\"twitter:data1\" content=\"Luisa\" \/>\n\t<meta name=\"twitter:label2\" content=\"Gesch\u00e4tzte Lesezeit\" \/>\n\t<meta name=\"twitter:data2\" content=\"2\u00a0Minuten\" \/>\n<script type=\"application\/ld+json\" class=\"yoast-schema-graph\">{\"@context\":\"https:\/\/schema.org\",\"@graph\":[{\"@type\":\"Article\",\"@id\":\"https:\/\/erzaehldavon.de\/podcast\/leadership-mit-michael-wihlenda-world-citizen-school\/#article\",\"isPartOf\":{\"@id\":\"https:\/\/erzaehldavon.de\/podcast\/leadership-mit-michael-wihlenda-world-citizen-school\/\"},\"author\":{\"name\":\"Luisa\",\"@id\":\"https:\/\/erzaehldavon.de\/podcast\/#\/schema\/person\/ac97dd854336dea5c211fc530db6b6ee\"},\"headline\":\"Folge 040: Leadership mit Michael Wihlenda (World Citizen School)\",\"datePublished\":\"2018-04-22T07:24:14+00:00\",\"dateModified\":\"2024-03-30T17:34:41+00:00\",\"mainEntityOfPage\":{\"@id\":\"https:\/\/erzaehldavon.de\/podcast\/leadership-mit-michael-wihlenda-world-citizen-school\/\"},\"wordCount\":460,\"publisher\":{\"@id\":\"https:\/\/erzaehldavon.de\/podcast\/#organization\"},\"image\":{\"@id\":\"https:\/\/erzaehldavon.de\/podcast\/leadership-mit-michael-wihlenda-world-citizen-school\/#primaryimage\"},\"thumbnailUrl\":\"https:\/\/erzaehldavon.de\/podcast\/wordpress\/wp-content\/uploads\/2018\/04\/Podcast_Folgen_040.png\",\"keywords\":[\"Interview\",\"Podcast-Folge\"],\"inLanguage\":\"de\"},{\"@type\":\"WebPage\",\"@id\":\"https:\/\/erzaehldavon.de\/podcast\/leadership-mit-michael-wihlenda-world-citizen-school\/\",\"url\":\"https:\/\/erzaehldavon.de\/podcast\/leadership-mit-michael-wihlenda-world-citizen-school\/\",\"name\":\"Folge 040: Leadership mit Michael Wihlenda (World Citizen School) - erz\u00e4hl davon - der Podcast\",\"isPartOf\":{\"@id\":\"https:\/\/erzaehldavon.de\/podcast\/#website\"},\"primaryImageOfPage\":{\"@id\":\"https:\/\/erzaehldavon.de\/podcast\/leadership-mit-michael-wihlenda-world-citizen-school\/#primaryimage\"},\"image\":{\"@id\":\"https:\/\/erzaehldavon.de\/podcast\/leadership-mit-michael-wihlenda-world-citizen-school\/#primaryimage\"},\"thumbnailUrl\":\"https:\/\/erzaehldavon.de\/podcast\/wordpress\/wp-content\/uploads\/2018\/04\/Podcast_Folgen_040.png\",\"datePublished\":\"2018-04-22T07:24:14+00:00\",\"dateModified\":\"2024-03-30T17:34:41+00:00\",\"breadcrumb\":{\"@id\":\"https:\/\/erzaehldavon.de\/podcast\/leadership-mit-michael-wihlenda-world-citizen-school\/#breadcrumb\"},\"inLanguage\":\"de\",\"potentialAction\":[{\"@type\":\"ReadAction\",\"target\":[\"https:\/\/erzaehldavon.de\/podcast\/leadership-mit-michael-wihlenda-world-citizen-school\/\"]}]},{\"@type\":\"ImageObject\",\"inLanguage\":\"de\",\"@id\":\"https:\/\/erzaehldavon.de\/podcast\/leadership-mit-michael-wihlenda-world-citizen-school\/#primaryimage\",\"url\":\"https:\/\/erzaehldavon.de\/podcast\/wordpress\/wp-content\/uploads\/2018\/04\/Podcast_Folgen_040.png\",\"contentUrl\":\"https:\/\/erzaehldavon.de\/podcast\/wordpress\/wp-content\/uploads\/2018\/04\/Podcast_Folgen_040.png\",\"width\":1815,\"height\":1815},{\"@type\":\"BreadcrumbList\",\"@id\":\"https:\/\/erzaehldavon.de\/podcast\/leadership-mit-michael-wihlenda-world-citizen-school\/#breadcrumb\",\"itemListElement\":[{\"@type\":\"ListItem\",\"position\":1,\"name\":\"Startseite\",\"item\":\"https:\/\/erzaehldavon.de\/podcast\/\"},{\"@type\":\"ListItem\",\"position\":2,\"name\":\"Folge 040: Leadership mit Michael Wihlenda (World Citizen School)\"}]},{\"@type\":\"WebSite\",\"@id\":\"https:\/\/erzaehldavon.de\/podcast\/#website\",\"url\":\"https:\/\/erzaehldavon.de\/podcast\/\",\"name\":\"erz\u00e4hl davon - der Podcast\",\"description\":\"Der Podcast f\u00fcr gute Kommunikation im Ehrenamt\",\"publisher\":{\"@id\":\"https:\/\/erzaehldavon.de\/podcast\/#organization\"},\"potentialAction\":[{\"@type\":\"SearchAction\",\"target\":{\"@type\":\"EntryPoint\",\"urlTemplate\":\"https:\/\/erzaehldavon.de\/podcast\/?s={search_term_string}\"},\"query-input\":\"required name=search_term_string\"}],\"inLanguage\":\"de\"},{\"@type\":\"Organization\",\"@id\":\"https:\/\/erzaehldavon.de\/podcast\/#organization\",\"name\":\"erz\u00e4hl davon - der Podcast\",\"url\":\"https:\/\/erzaehldavon.de\/podcast\/\",\"logo\":{\"@type\":\"ImageObject\",\"inLanguage\":\"de\",\"@id\":\"https:\/\/erzaehldavon.de\/podcast\/#\/schema\/logo\/image\/\",\"url\":\"https:\/\/erzaehldavon.de\/podcast\/wordpress\/wp-content\/uploads\/2017\/06\/cropped-erzaehldavonpodcastheader-1.png\",\"contentUrl\":\"https:\/\/erzaehldavon.de\/podcast\/wordpress\/wp-content\/uploads\/2017\/06\/cropped-erzaehldavonpodcastheader-1.png\",\"width\":750,\"height\":200,\"caption\":\"erz\u00e4hl davon - der Podcast\"},\"image\":{\"@id\":\"https:\/\/erzaehldavon.de\/podcast\/#\/schema\/logo\/image\/\"},\"sameAs\":[\"https:\/\/twitter.com\/erzaehldavon\",\"https:\/\/www.instagram.com\/erzaehldavon\/\",\"https:\/\/www.youtube.com\/channel\/UCT2WPSuqfdhukxTzzqKSiPQ\"]},{\"@type\":\"Person\",\"@id\":\"https:\/\/erzaehldavon.de\/podcast\/#\/schema\/person\/ac97dd854336dea5c211fc530db6b6ee\",\"name\":\"Luisa\",\"image\":{\"@type\":\"ImageObject\",\"inLanguage\":\"de\",\"@id\":\"https:\/\/erzaehldavon.de\/podcast\/#\/schema\/person\/image\/\",\"url\":\"https:\/\/erzaehldavon.de\/podcast\/wordpress\/wp-content\/uploads\/2018\/02\/luisa2-96x96.jpg\",\"contentUrl\":\"https:\/\/erzaehldavon.de\/podcast\/wordpress\/wp-content\/uploads\/2018\/02\/luisa2-96x96.jpg\",\"caption\":\"Luisa\"},\"url\":\"https:\/\/erzaehldavon.de\/podcast\/author\/luisa\/\"}]}<\/script>\n<!-- \/ Yoast SEO plugin. -->","yoast_head_json":{"title":"Folge 040: Leadership mit Michael Wihlenda (World Citizen School) - erz\u00e4hl davon - der Podcast","robots":{"index":"index","follow":"follow","max-snippet":"max-snippet:-1","max-image-preview":"max-image-preview:large","max-video-preview":"max-video-preview:-1"},"canonical":"https:\/\/erzaehldavon.de\/podcast\/leadership-mit-michael-wihlenda-world-citizen-school\/","og_locale":"de_DE","og_type":"article","og_title":"Folge 040: Leadership mit Michael Wihlenda (World Citizen School) - erz\u00e4hl davon - der Podcast","og_description":"&nbsp; Verantwortung \u00fcbernehmen \u2013 gerade in der ehrenamtlichen Arbeit ist das ein gro\u00dfes Thema. Gerne dr\u00fccken wir uns davor und verpassen dabei doch ganz sch\u00f6n viel. Das m\u00f6chte Michael Wihlenda \u00e4ndern. Er ist Gr\u00fcnder der World Citizen School in T\u00fcbingen, einem freien Lernraum f\u00fcr gesellschaftlich engagierte Studierende und Young Professionals. Wir sprechen mit ihm &hellip;","og_url":"https:\/\/erzaehldavon.de\/podcast\/leadership-mit-michael-wihlenda-world-citizen-school\/","og_site_name":"erz\u00e4hl davon - der Podcast","article_published_time":"2018-04-22T07:24:14+00:00","article_modified_time":"2024-03-30T17:34:41+00:00","og_image":[{"width":1920,"height":1080,"url":"https:\/\/erzaehldavon.de\/podcast\/wordpress\/wp-content\/uploads\/2018\/04\/YouTube_040.png","type":"image\/png"}],"author":"Luisa","twitter_card":"summary_large_image","twitter_creator":"@erzaehldavon","twitter_site":"@erzaehldavon","twitter_misc":{"Verfasst von":"Luisa","Gesch\u00e4tzte Lesezeit":"2\u00a0Minuten"},"schema":{"@context":"https:\/\/schema.org","@graph":[{"@type":"Article","@id":"https:\/\/erzaehldavon.de\/podcast\/leadership-mit-michael-wihlenda-world-citizen-school\/#article","isPartOf":{"@id":"https:\/\/erzaehldavon.de\/podcast\/leadership-mit-michael-wihlenda-world-citizen-school\/"},"author":{"name":"Luisa","@id":"https:\/\/erzaehldavon.de\/podcast\/#\/schema\/person\/ac97dd854336dea5c211fc530db6b6ee"},"headline":"Folge 040: Leadership mit Michael Wihlenda (World Citizen School)","datePublished":"2018-04-22T07:24:14+00:00","dateModified":"2024-03-30T17:34:41+00:00","mainEntityOfPage":{"@id":"https:\/\/erzaehldavon.de\/podcast\/leadership-mit-michael-wihlenda-world-citizen-school\/"},"wordCount":460,"publisher":{"@id":"https:\/\/erzaehldavon.de\/podcast\/#organization"},"image":{"@id":"https:\/\/erzaehldavon.de\/podcast\/leadership-mit-michael-wihlenda-world-citizen-school\/#primaryimage"},"thumbnailUrl":"https:\/\/erzaehldavon.de\/podcast\/wordpress\/wp-content\/uploads\/2018\/04\/Podcast_Folgen_040.png","keywords":["Interview","Podcast-Folge"],"inLanguage":"de"},{"@type":"WebPage","@id":"https:\/\/erzaehldavon.de\/podcast\/leadership-mit-michael-wihlenda-world-citizen-school\/","url":"https:\/\/erzaehldavon.de\/podcast\/leadership-mit-michael-wihlenda-world-citizen-school\/","name":"Folge 040: Leadership mit Michael Wihlenda (World Citizen School) - erz\u00e4hl davon - der Podcast","isPartOf":{"@id":"https:\/\/erzaehldavon.de\/podcast\/#website"},"primaryImageOfPage":{"@id":"https:\/\/erzaehldavon.de\/podcast\/leadership-mit-michael-wihlenda-world-citizen-school\/#primaryimage"},"image":{"@id":"https:\/\/erzaehldavon.de\/podcast\/leadership-mit-michael-wihlenda-world-citizen-school\/#primaryimage"},"thumbnailUrl":"https:\/\/erzaehldavon.de\/podcast\/wordpress\/wp-content\/uploads\/2018\/04\/Podcast_Folgen_040.png","datePublished":"2018-04-22T07:24:14+00:00","dateModified":"2024-03-30T17:34:41+00:00","breadcrumb":{"@id":"https:\/\/erzaehldavon.de\/podcast\/leadership-mit-michael-wihlenda-world-citizen-school\/#breadcrumb"},"inLanguage":"de","potentialAction":[{"@type":"ReadAction","target":["https:\/\/erzaehldavon.de\/podcast\/leadership-mit-michael-wihlenda-world-citizen-school\/"]}]},{"@type":"ImageObject","inLanguage":"de","@id":"https:\/\/erzaehldavon.de\/podcast\/leadership-mit-michael-wihlenda-world-citizen-school\/#primaryimage","url":"https:\/\/erzaehldavon.de\/podcast\/wordpress\/wp-content\/uploads\/2018\/04\/Podcast_Folgen_040.png","contentUrl":"https:\/\/erzaehldavon.de\/podcast\/wordpress\/wp-content\/uploads\/2018\/04\/Podcast_Folgen_040.png","width":1815,"height":1815},{"@type":"BreadcrumbList","@id":"https:\/\/erzaehldavon.de\/podcast\/leadership-mit-michael-wihlenda-world-citizen-school\/#breadcrumb","itemListElement":[{"@type":"ListItem","position":1,"name":"Startseite","item":"https:\/\/erzaehldavon.de\/podcast\/"},{"@type":"ListItem","position":2,"name":"Folge 040: Leadership mit Michael Wihlenda (World Citizen School)"}]},{"@type":"WebSite","@id":"https:\/\/erzaehldavon.de\/podcast\/#website","url":"https:\/\/erzaehldavon.de\/podcast\/","name":"erz\u00e4hl davon - der Podcast","description":"Der Podcast f\u00fcr gute Kommunikation im Ehrenamt","publisher":{"@id":"https:\/\/erzaehldavon.de\/podcast\/#organization"},"potentialAction":[{"@type":"SearchAction","target":{"@type":"EntryPoint","urlTemplate":"https:\/\/erzaehldavon.de\/podcast\/?s={search_term_string}"},"query-input":"required name=search_term_string"}],"inLanguage":"de"},{"@type":"Organization","@id":"https:\/\/erzaehldavon.de\/podcast\/#organization","name":"erz\u00e4hl davon - der Podcast","url":"https:\/\/erzaehldavon.de\/podcast\/","logo":{"@type":"ImageObject","inLanguage":"de","@id":"https:\/\/erzaehldavon.de\/podcast\/#\/schema\/logo\/image\/","url":"https:\/\/erzaehldavon.de\/podcast\/wordpress\/wp-content\/uploads\/2017\/06\/cropped-erzaehldavonpodcastheader-1.png","contentUrl":"https:\/\/erzaehldavon.de\/podcast\/wordpress\/wp-content\/uploads\/2017\/06\/cropped-erzaehldavonpodcastheader-1.png","width":750,"height":200,"caption":"erz\u00e4hl davon - der Podcast"},"image":{"@id":"https:\/\/erzaehldavon.de\/podcast\/#\/schema\/logo\/image\/"},"sameAs":["https:\/\/twitter.com\/erzaehldavon","https:\/\/www.instagram.com\/erzaehldavon\/","https:\/\/www.youtube.com\/channel\/UCT2WPSuqfdhukxTzzqKSiPQ"]},{"@type":"Person","@id":"https:\/\/erzaehldavon.de\/podcast\/#\/schema\/person\/ac97dd854336dea5c211fc530db6b6ee","name":"Luisa","image":{"@type":"ImageObject","inLanguage":"de","@id":"https:\/\/erzaehldavon.de\/podcast\/#\/schema\/person\/image\/","url":"https:\/\/erzaehldavon.de\/podcast\/wordpress\/wp-content\/uploads\/2018\/02\/luisa2-96x96.jpg","contentUrl":"https:\/\/erzaehldavon.de\/podcast\/wordpress\/wp-content\/uploads\/2018\/02\/luisa2-96x96.jpg","caption":"Luisa"},"url":"https:\/\/erzaehldavon.de\/podcast\/author\/luisa\/"}]}},"_links":{"self":[{"href":"https:\/\/erzaehldavon.de\/podcast\/wp-json\/wp\/v2\/posts\/626"}],"collection":[{"href":"https:\/\/erzaehldavon.de\/podcast\/wp-json\/wp\/v2\/posts"}],"about":[{"href":"https:\/\/erzaehldavon.de\/podcast\/wp-json\/wp\/v2\/types\/post"}],"author":[{"embeddable":true,"href":"https:\/\/erzaehldavon.de\/podcast\/wp-json\/wp\/v2\/users\/2"}],"replies":[{"embeddable":true,"href":"https:\/\/erzaehldavon.de\/podcast\/wp-json\/wp\/v2\/comments?post=626"}],"version-history":[{"count":5,"href":"https:\/\/erzaehldavon.de\/podcast\/wp-json\/wp\/v2\/posts\/626\/revisions"}],"predecessor-version":[{"id":674,"href":"https:\/\/erzaehldavon.de\/podcast\/wp-json\/wp\/v2\/posts\/626\/revisions\/674"}],"wp:featuredmedia":[{"embeddable":true,"href":"https:\/\/erzaehldavon.de\/podcast\/wp-json\/wp\/v2\/media\/627"}],"wp:attachment":[{"href":"https:\/\/erzaehldavon.de\/podcast\/wp-json\/wp\/v2\/media?parent=626"}],"wp:term":[{"taxonomy":"category","embeddable":true,"href":"https:\/\/erzaehldavon.de\/podcast\/wp-json\/wp\/v2\/categories?post=626"},{"taxonomy":"post_tag","embeddable":true,"href":"https:\/\/erzaehldavon.de\/podcast\/wp-json\/wp\/v2\/tags?post=626"}],"curies":[{"name":"wp","href":"https:\/\/api.w.org\/{rel}","templated":true}]}}