{"id":140,"date":"2017-06-30T15:47:44","date_gmt":"2017-06-30T13:47:44","guid":{"rendered":"podlove-2017-06-28t20:13:45+00:00-08deb16c22d6ca8"},"modified":"2024-03-31T17:08:07","modified_gmt":"2024-03-31T15:08:07","slug":"folge-001-masterarbeit","status":"publish","type":"post","link":"https:\/\/erzaehldavon.de\/podcast\/folge-001-masterarbeit\/","title":{"rendered":"Folge 001: Wer sind wir und was machen wir? | \u00dcber unsere Masterarbeit"},"content":{"rendered":"<p>&nbsp;<\/p>\n<p>Die erste \u201erichtige\u201c Folge unseres neuen Podcasts <em>erz\u00e4hl davon<\/em> \u2013 yay! Nachdem wir euch in der ersten Episode, der sogenannten <a href=\"https:\/\/erzaehldavon.de\/podcast\/000-nullfolge\/\">Nullfolge<\/a>, bereits das Konzept unseres Podcasts erkl\u00e4rt haben, setzen wir dieses Mal noch eine Ebene tiefer an: Wer sind wir und was machen wir hier eigentlich?<!--more--><\/p>\n<p>In dieser Folge erz\u00e4hlen wir euch von unserem Projekt, das dem Podcast zugrunde liegt. Wir erstellen ein E-Learning-Portal zum Thema Kommunikation f\u00fcr Vereine und Ehrenamtliche \u2013 nicht zum Spa\u00df, sondern als Masterarbeit im Fach Medienwissenschaft der Universit\u00e4t T\u00fcbingen (Spa\u00df macht es nat\u00fcrlich trotzdem!). Unsere Betreuerin ist Prof. Dr. Susanne Marschall vom Lehrstuhl f\u00fcr Audiovisuelle Medien.<\/p>\n<p>In der Folge besprechen wir unser Konzept, die Idee dahinter, unsere eigenen Ber\u00fchrungspunkte mit ehrenamtlichem Engagement sowie die geplanten Themen f\u00fcr unsere E-Learning-Plattform, die im Herbst 2017 online gehen soll.<\/p>\n<h3>Inhalt<\/h3>\n<table width=\"632\">\n<tbody>\n<tr>\n<td width=\"121\">00:47<\/td>\n<td width=\"511\">Unser Praxisprojekt als Masterarbeit<\/td>\n<\/tr>\n<tr>\n<td width=\"121\">01:38<\/td>\n<td width=\"511\">Das Konzept unseres Portals<\/td>\n<\/tr>\n<tr>\n<td width=\"121\">03:26<\/td>\n<td width=\"511\">Warum uns das Thema Ehrenamt am Herzen liegt<\/td>\n<\/tr>\n<tr>\n<td width=\"121\">04:28<\/td>\n<td width=\"511\">Unsere eigenen Erfahrungen im ehrenamtlichen Engagement<\/td>\n<\/tr>\n<tr>\n<td width=\"121\">08:22<\/td>\n<td width=\"511\">Die vier Themenbereiche unserer Onlinekurse<\/td>\n<\/tr>\n<tr>\n<td width=\"121\">12:04<\/td>\n<td width=\"511\">Und warum E-Learning?<\/td>\n<\/tr>\n<tr>\n<td width=\"121\">14:22<\/td>\n<td width=\"511\">Unsere Vorgehensweise beim Erstellen der Onlinekurse<\/td>\n<\/tr>\n<tr>\n<td width=\"121\">16:04<\/td>\n<td width=\"511\">Wie ihr mitmachen k\u00f6nnt<\/td>\n<\/tr>\n<\/tbody>\n<\/table>\n<p>Ab der n\u00e4chsten Folge gibt es dann in jeder Episode einen Gast, mit dem wir \u00fcber ein bestimmtes Thema sprechen. <a href=\"https:\/\/erzaehldavon.de\/podcast\/kontakt\/\">Meldet euch<\/a>, wenn ihr Themenideen habt oder selber als Gast an unserem Podcast teilnehmen m\u00f6chtet!<\/p>\n<h3>Links<\/h3>\n<p>Folgt uns auf Instagram, um uns bei der Arbeit \u00fcber die Schulter zu gucken: <a href=\"https:\/\/www.instagram.com\/erzaehldavon\/\">@erzaehldavon<\/a><\/p>\n<p>Unsere vorl\u00e4ufige Webseite findet ihr hier: <a href=\"https:\/\/erzaehldavon.de\/\">erzaehldavon.de<\/a><\/p>\n<p>Unser Pilotkurs \u201eBloggen f\u00fcr Vereine und Hochschulgruppen\u201c ist bereits seit April online: <a href=\"https:\/\/erzaehldavon.de\/onlinekurs-bloggen-fuer-vereine\">bloggen-fuer-vereine.de<\/a><\/p>\n<h3>Podcast abonnieren<\/h3>\n<h5>erz\u00e4hl davon \u2013 der Podcast f\u00fcr gute Kommunikation im Ehrenamt.<\/h5>\n<p style=\"padding-left: 30px;\">Abonnieren auf iTunes: <a href=\"https:\/\/itunes.apple.com\/de\/podcast\/erz%C3%A4hl-davon\/id1254445746?\">erz\u00e4hl davon<\/a><\/p>\n<p style=\"padding-left: 30px;\">F\u00fcr Android-User: <a href=\"https:\/\/subscribeonandroid.com\/erzaehldavon.de\/podcast\/feed\/mp3\">Subscribe on Android<\/a>, zum Beispiel mit der Podcast Addict App<\/p>\n<p style=\"padding-left: 30px;\">Abonnieren auf YouTube: <a href=\"https:\/\/www.youtube.com\/playlist?list=PL9zIkpM5dXX0FBau2EkoO-ccla2drSvwt\">erz\u00e4hl davon-Kanal<\/a><\/p>\n","protected":false},"excerpt":{"rendered":"<p>&nbsp; Die erste \u201erichtige\u201c Folge unseres neuen Podcasts erz\u00e4hl davon \u2013 yay! Nachdem wir euch in der ersten Episode, der sogenannten Nullfolge, bereits das Konzept unseres Podcasts erkl\u00e4rt haben, setzen wir dieses Mal noch eine Ebene tiefer an: Wer sind wir und was machen wir hier eigentlich?<\/p>\n","protected":false},"author":1,"featured_media":157,"comment_status":"closed","ping_status":"open","sticky":false,"template":"","format":"standard","meta":{"footnotes":""},"categories":[92],"tags":[14],"yoast_head":"<!-- This site is optimized with the Yoast SEO plugin v22.4 - https:\/\/yoast.com\/wordpress\/plugins\/seo\/ -->\n<title>Folge 001: Wer sind wir und was machen wir? | \u00dcber unsere Masterarbeit - erz\u00e4hl davon - der Podcast<\/title>\n<meta name=\"robots\" content=\"index, follow, max-snippet:-1, max-image-preview:large, max-video-preview:-1\" \/>\n<link rel=\"canonical\" href=\"https:\/\/erzaehldavon.de\/podcast\/folge-001-masterarbeit\/\" \/>\n<meta property=\"og:locale\" content=\"de_DE\" \/>\n<meta property=\"og:type\" content=\"article\" \/>\n<meta property=\"og:title\" content=\"Folge 001: Wer sind wir und was machen wir? | \u00dcber unsere Masterarbeit - erz\u00e4hl davon - der Podcast\" \/>\n<meta property=\"og:description\" content=\"&nbsp; Die erste \u201erichtige\u201c Folge unseres neuen Podcasts erz\u00e4hl davon \u2013 yay! Nachdem wir euch in der ersten Episode, der sogenannten Nullfolge, bereits das Konzept unseres Podcasts erkl\u00e4rt haben, setzen wir dieses Mal noch eine Ebene tiefer an: Wer sind wir und was machen wir hier eigentlich?\" \/>\n<meta property=\"og:url\" content=\"https:\/\/erzaehldavon.de\/podcast\/folge-001-masterarbeit\/\" \/>\n<meta property=\"og:site_name\" content=\"erz\u00e4hl davon - der Podcast\" \/>\n<meta property=\"article:published_time\" content=\"2017-06-30T13:47:44+00:00\" \/>\n<meta property=\"article:modified_time\" content=\"2024-03-31T15:08:07+00:00\" \/>\n<meta property=\"og:image\" content=\"https:\/\/erzaehldavon.de\/podcast\/wordpress\/wp-content\/uploads\/2017\/06\/erzaehldavon_Podcast_Folge_001.png\" \/>\n\t<meta property=\"og:image:width\" content=\"1500\" \/>\n\t<meta property=\"og:image:height\" content=\"1500\" \/>\n\t<meta property=\"og:image:type\" content=\"image\/png\" \/>\n<meta name=\"author\" content=\"Luisa &amp; Katrin\" \/>\n<meta name=\"twitter:card\" content=\"summary_large_image\" \/>\n<meta name=\"twitter:creator\" content=\"@https:\/\/twitter.com\/erzaehldavon\" \/>\n<meta name=\"twitter:site\" content=\"@erzaehldavon\" \/>\n<meta name=\"twitter:label1\" content=\"Verfasst von\" \/>\n\t<meta name=\"twitter:data1\" content=\"Luisa &amp; Katrin\" \/>\n\t<meta name=\"twitter:label2\" content=\"Gesch\u00e4tzte Lesezeit\" \/>\n\t<meta name=\"twitter:data2\" content=\"1\u00a0Minute\" \/>\n<script type=\"application\/ld+json\" class=\"yoast-schema-graph\">{\"@context\":\"https:\/\/schema.org\",\"@graph\":[{\"@type\":\"Article\",\"@id\":\"https:\/\/erzaehldavon.de\/podcast\/folge-001-masterarbeit\/#article\",\"isPartOf\":{\"@id\":\"https:\/\/erzaehldavon.de\/podcast\/folge-001-masterarbeit\/\"},\"author\":{\"name\":\"Luisa &amp; Katrin\",\"@id\":\"https:\/\/erzaehldavon.de\/podcast\/#\/schema\/person\/6e5b30118728bded4403a0d0da29f623\"},\"headline\":\"Folge 001: Wer sind wir und was machen wir? | \u00dcber unsere Masterarbeit\",\"datePublished\":\"2017-06-30T13:47:44+00:00\",\"dateModified\":\"2024-03-31T15:08:07+00:00\",\"mainEntityOfPage\":{\"@id\":\"https:\/\/erzaehldavon.de\/podcast\/folge-001-masterarbeit\/\"},\"wordCount\":307,\"publisher\":{\"@id\":\"https:\/\/erzaehldavon.de\/podcast\/#organization\"},\"image\":{\"@id\":\"https:\/\/erzaehldavon.de\/podcast\/folge-001-masterarbeit\/#primaryimage\"},\"thumbnailUrl\":\"https:\/\/erzaehldavon.de\/podcast\/wordpress\/wp-content\/uploads\/2017\/06\/erzaehldavon_Podcast_Folge_001.png\",\"keywords\":[\"Podcast-Folge\"],\"articleSection\":[\"alt\"],\"inLanguage\":\"de\"},{\"@type\":\"WebPage\",\"@id\":\"https:\/\/erzaehldavon.de\/podcast\/folge-001-masterarbeit\/\",\"url\":\"https:\/\/erzaehldavon.de\/podcast\/folge-001-masterarbeit\/\",\"name\":\"Folge 001: Wer sind wir und was machen wir? | \u00dcber unsere Masterarbeit - erz\u00e4hl davon - der Podcast\",\"isPartOf\":{\"@id\":\"https:\/\/erzaehldavon.de\/podcast\/#website\"},\"primaryImageOfPage\":{\"@id\":\"https:\/\/erzaehldavon.de\/podcast\/folge-001-masterarbeit\/#primaryimage\"},\"image\":{\"@id\":\"https:\/\/erzaehldavon.de\/podcast\/folge-001-masterarbeit\/#primaryimage\"},\"thumbnailUrl\":\"https:\/\/erzaehldavon.de\/podcast\/wordpress\/wp-content\/uploads\/2017\/06\/erzaehldavon_Podcast_Folge_001.png\",\"datePublished\":\"2017-06-30T13:47:44+00:00\",\"dateModified\":\"2024-03-31T15:08:07+00:00\",\"breadcrumb\":{\"@id\":\"https:\/\/erzaehldavon.de\/podcast\/folge-001-masterarbeit\/#breadcrumb\"},\"inLanguage\":\"de\",\"potentialAction\":[{\"@type\":\"ReadAction\",\"target\":[\"https:\/\/erzaehldavon.de\/podcast\/folge-001-masterarbeit\/\"]}]},{\"@type\":\"ImageObject\",\"inLanguage\":\"de\",\"@id\":\"https:\/\/erzaehldavon.de\/podcast\/folge-001-masterarbeit\/#primaryimage\",\"url\":\"https:\/\/erzaehldavon.de\/podcast\/wordpress\/wp-content\/uploads\/2017\/06\/erzaehldavon_Podcast_Folge_001.png\",\"contentUrl\":\"https:\/\/erzaehldavon.de\/podcast\/wordpress\/wp-content\/uploads\/2017\/06\/erzaehldavon_Podcast_Folge_001.png\",\"width\":1500,\"height\":1500},{\"@type\":\"BreadcrumbList\",\"@id\":\"https:\/\/erzaehldavon.de\/podcast\/folge-001-masterarbeit\/#breadcrumb\",\"itemListElement\":[{\"@type\":\"ListItem\",\"position\":1,\"name\":\"Startseite\",\"item\":\"https:\/\/erzaehldavon.de\/podcast\/\"},{\"@type\":\"ListItem\",\"position\":2,\"name\":\"Folge 001: Wer sind wir und was machen wir? | \u00dcber unsere Masterarbeit\"}]},{\"@type\":\"WebSite\",\"@id\":\"https:\/\/erzaehldavon.de\/podcast\/#website\",\"url\":\"https:\/\/erzaehldavon.de\/podcast\/\",\"name\":\"erz\u00e4hl davon - der Podcast\",\"description\":\"Der Podcast f\u00fcr gute Kommunikation im Ehrenamt\",\"publisher\":{\"@id\":\"https:\/\/erzaehldavon.de\/podcast\/#organization\"},\"potentialAction\":[{\"@type\":\"SearchAction\",\"target\":{\"@type\":\"EntryPoint\",\"urlTemplate\":\"https:\/\/erzaehldavon.de\/podcast\/?s={search_term_string}\"},\"query-input\":\"required name=search_term_string\"}],\"inLanguage\":\"de\"},{\"@type\":\"Organization\",\"@id\":\"https:\/\/erzaehldavon.de\/podcast\/#organization\",\"name\":\"erz\u00e4hl davon - der Podcast\",\"url\":\"https:\/\/erzaehldavon.de\/podcast\/\",\"logo\":{\"@type\":\"ImageObject\",\"inLanguage\":\"de\",\"@id\":\"https:\/\/erzaehldavon.de\/podcast\/#\/schema\/logo\/image\/\",\"url\":\"https:\/\/erzaehldavon.de\/podcast\/wordpress\/wp-content\/uploads\/2017\/06\/cropped-erzaehldavonpodcastheader-1.png\",\"contentUrl\":\"https:\/\/erzaehldavon.de\/podcast\/wordpress\/wp-content\/uploads\/2017\/06\/cropped-erzaehldavonpodcastheader-1.png\",\"width\":750,\"height\":200,\"caption\":\"erz\u00e4hl davon - der Podcast\"},\"image\":{\"@id\":\"https:\/\/erzaehldavon.de\/podcast\/#\/schema\/logo\/image\/\"},\"sameAs\":[\"https:\/\/twitter.com\/erzaehldavon\",\"https:\/\/www.instagram.com\/erzaehldavon\/\",\"https:\/\/www.youtube.com\/channel\/UCT2WPSuqfdhukxTzzqKSiPQ\"]},{\"@type\":\"Person\",\"@id\":\"https:\/\/erzaehldavon.de\/podcast\/#\/schema\/person\/6e5b30118728bded4403a0d0da29f623\",\"name\":\"Luisa &amp; Katrin\",\"image\":{\"@type\":\"ImageObject\",\"inLanguage\":\"de\",\"@id\":\"https:\/\/erzaehldavon.de\/podcast\/#\/schema\/person\/image\/\",\"url\":\"https:\/\/erzaehldavon.de\/podcast\/wordpress\/wp-content\/uploads\/2021\/09\/luisaundkatrin-96x96.jpeg\",\"contentUrl\":\"https:\/\/erzaehldavon.de\/podcast\/wordpress\/wp-content\/uploads\/2021\/09\/luisaundkatrin-96x96.jpeg\",\"caption\":\"Luisa &amp; Katrin\"},\"sameAs\":[\"https:\/\/www.instagram.com\/erzaehldavon\/\",\"https:\/\/twitter.com\/https:\/\/twitter.com\/erzaehldavon\"],\"url\":\"https:\/\/erzaehldavon.de\/podcast\/author\/podcast\/\"}]}<\/script>\n<!-- \/ Yoast SEO plugin. -->","yoast_head_json":{"title":"Folge 001: Wer sind wir und was machen wir? | \u00dcber unsere Masterarbeit - erz\u00e4hl davon - der Podcast","robots":{"index":"index","follow":"follow","max-snippet":"max-snippet:-1","max-image-preview":"max-image-preview:large","max-video-preview":"max-video-preview:-1"},"canonical":"https:\/\/erzaehldavon.de\/podcast\/folge-001-masterarbeit\/","og_locale":"de_DE","og_type":"article","og_title":"Folge 001: Wer sind wir und was machen wir? | \u00dcber unsere Masterarbeit - erz\u00e4hl davon - der Podcast","og_description":"&nbsp; Die erste \u201erichtige\u201c Folge unseres neuen Podcasts erz\u00e4hl davon \u2013 yay! Nachdem wir euch in der ersten Episode, der sogenannten Nullfolge, bereits das Konzept unseres Podcasts erkl\u00e4rt haben, setzen wir dieses Mal noch eine Ebene tiefer an: Wer sind wir und was machen wir hier eigentlich?","og_url":"https:\/\/erzaehldavon.de\/podcast\/folge-001-masterarbeit\/","og_site_name":"erz\u00e4hl davon - der Podcast","article_published_time":"2017-06-30T13:47:44+00:00","article_modified_time":"2024-03-31T15:08:07+00:00","og_image":[{"width":1500,"height":1500,"url":"https:\/\/erzaehldavon.de\/podcast\/wordpress\/wp-content\/uploads\/2017\/06\/erzaehldavon_Podcast_Folge_001.png","type":"image\/png"}],"author":"Luisa &amp; Katrin","twitter_card":"summary_large_image","twitter_creator":"@https:\/\/twitter.com\/erzaehldavon","twitter_site":"@erzaehldavon","twitter_misc":{"Verfasst von":"Luisa &amp; Katrin","Gesch\u00e4tzte Lesezeit":"1\u00a0Minute"},"schema":{"@context":"https:\/\/schema.org","@graph":[{"@type":"Article","@id":"https:\/\/erzaehldavon.de\/podcast\/folge-001-masterarbeit\/#article","isPartOf":{"@id":"https:\/\/erzaehldavon.de\/podcast\/folge-001-masterarbeit\/"},"author":{"name":"Luisa &amp; Katrin","@id":"https:\/\/erzaehldavon.de\/podcast\/#\/schema\/person\/6e5b30118728bded4403a0d0da29f623"},"headline":"Folge 001: Wer sind wir und was machen wir? | \u00dcber unsere Masterarbeit","datePublished":"2017-06-30T13:47:44+00:00","dateModified":"2024-03-31T15:08:07+00:00","mainEntityOfPage":{"@id":"https:\/\/erzaehldavon.de\/podcast\/folge-001-masterarbeit\/"},"wordCount":307,"publisher":{"@id":"https:\/\/erzaehldavon.de\/podcast\/#organization"},"image":{"@id":"https:\/\/erzaehldavon.de\/podcast\/folge-001-masterarbeit\/#primaryimage"},"thumbnailUrl":"https:\/\/erzaehldavon.de\/podcast\/wordpress\/wp-content\/uploads\/2017\/06\/erzaehldavon_Podcast_Folge_001.png","keywords":["Podcast-Folge"],"articleSection":["alt"],"inLanguage":"de"},{"@type":"WebPage","@id":"https:\/\/erzaehldavon.de\/podcast\/folge-001-masterarbeit\/","url":"https:\/\/erzaehldavon.de\/podcast\/folge-001-masterarbeit\/","name":"Folge 001: Wer sind wir und was machen wir? | \u00dcber unsere Masterarbeit - erz\u00e4hl davon - der Podcast","isPartOf":{"@id":"https:\/\/erzaehldavon.de\/podcast\/#website"},"primaryImageOfPage":{"@id":"https:\/\/erzaehldavon.de\/podcast\/folge-001-masterarbeit\/#primaryimage"},"image":{"@id":"https:\/\/erzaehldavon.de\/podcast\/folge-001-masterarbeit\/#primaryimage"},"thumbnailUrl":"https:\/\/erzaehldavon.de\/podcast\/wordpress\/wp-content\/uploads\/2017\/06\/erzaehldavon_Podcast_Folge_001.png","datePublished":"2017-06-30T13:47:44+00:00","dateModified":"2024-03-31T15:08:07+00:00","breadcrumb":{"@id":"https:\/\/erzaehldavon.de\/podcast\/folge-001-masterarbeit\/#breadcrumb"},"inLanguage":"de","potentialAction":[{"@type":"ReadAction","target":["https:\/\/erzaehldavon.de\/podcast\/folge-001-masterarbeit\/"]}]},{"@type":"ImageObject","inLanguage":"de","@id":"https:\/\/erzaehldavon.de\/podcast\/folge-001-masterarbeit\/#primaryimage","url":"https:\/\/erzaehldavon.de\/podcast\/wordpress\/wp-content\/uploads\/2017\/06\/erzaehldavon_Podcast_Folge_001.png","contentUrl":"https:\/\/erzaehldavon.de\/podcast\/wordpress\/wp-content\/uploads\/2017\/06\/erzaehldavon_Podcast_Folge_001.png","width":1500,"height":1500},{"@type":"BreadcrumbList","@id":"https:\/\/erzaehldavon.de\/podcast\/folge-001-masterarbeit\/#breadcrumb","itemListElement":[{"@type":"ListItem","position":1,"name":"Startseite","item":"https:\/\/erzaehldavon.de\/podcast\/"},{"@type":"ListItem","position":2,"name":"Folge 001: Wer sind wir und was machen wir? | \u00dcber unsere Masterarbeit"}]},{"@type":"WebSite","@id":"https:\/\/erzaehldavon.de\/podcast\/#website","url":"https:\/\/erzaehldavon.de\/podcast\/","name":"erz\u00e4hl davon - der Podcast","description":"Der Podcast f\u00fcr gute Kommunikation im Ehrenamt","publisher":{"@id":"https:\/\/erzaehldavon.de\/podcast\/#organization"},"potentialAction":[{"@type":"SearchAction","target":{"@type":"EntryPoint","urlTemplate":"https:\/\/erzaehldavon.de\/podcast\/?s={search_term_string}"},"query-input":"required name=search_term_string"}],"inLanguage":"de"},{"@type":"Organization","@id":"https:\/\/erzaehldavon.de\/podcast\/#organization","name":"erz\u00e4hl davon - der Podcast","url":"https:\/\/erzaehldavon.de\/podcast\/","logo":{"@type":"ImageObject","inLanguage":"de","@id":"https:\/\/erzaehldavon.de\/podcast\/#\/schema\/logo\/image\/","url":"https:\/\/erzaehldavon.de\/podcast\/wordpress\/wp-content\/uploads\/2017\/06\/cropped-erzaehldavonpodcastheader-1.png","contentUrl":"https:\/\/erzaehldavon.de\/podcast\/wordpress\/wp-content\/uploads\/2017\/06\/cropped-erzaehldavonpodcastheader-1.png","width":750,"height":200,"caption":"erz\u00e4hl davon - der Podcast"},"image":{"@id":"https:\/\/erzaehldavon.de\/podcast\/#\/schema\/logo\/image\/"},"sameAs":["https:\/\/twitter.com\/erzaehldavon","https:\/\/www.instagram.com\/erzaehldavon\/","https:\/\/www.youtube.com\/channel\/UCT2WPSuqfdhukxTzzqKSiPQ"]},{"@type":"Person","@id":"https:\/\/erzaehldavon.de\/podcast\/#\/schema\/person\/6e5b30118728bded4403a0d0da29f623","name":"Luisa &amp; Katrin","image":{"@type":"ImageObject","inLanguage":"de","@id":"https:\/\/erzaehldavon.de\/podcast\/#\/schema\/person\/image\/","url":"https:\/\/erzaehldavon.de\/podcast\/wordpress\/wp-content\/uploads\/2021\/09\/luisaundkatrin-96x96.jpeg","contentUrl":"https:\/\/erzaehldavon.de\/podcast\/wordpress\/wp-content\/uploads\/2021\/09\/luisaundkatrin-96x96.jpeg","caption":"Luisa &amp; Katrin"},"sameAs":["https:\/\/www.instagram.com\/erzaehldavon\/","https:\/\/twitter.com\/https:\/\/twitter.com\/erzaehldavon"],"url":"https:\/\/erzaehldavon.de\/podcast\/author\/podcast\/"}]}},"_links":{"self":[{"href":"https:\/\/erzaehldavon.de\/podcast\/wp-json\/wp\/v2\/posts\/140"}],"collection":[{"href":"https:\/\/erzaehldavon.de\/podcast\/wp-json\/wp\/v2\/posts"}],"about":[{"href":"https:\/\/erzaehldavon.de\/podcast\/wp-json\/wp\/v2\/types\/post"}],"author":[{"embeddable":true,"href":"https:\/\/erzaehldavon.de\/podcast\/wp-json\/wp\/v2\/users\/1"}],"replies":[{"embeddable":true,"href":"https:\/\/erzaehldavon.de\/podcast\/wp-json\/wp\/v2\/comments?post=140"}],"version-history":[{"count":9,"href":"https:\/\/erzaehldavon.de\/podcast\/wp-json\/wp\/v2\/posts\/140\/revisions"}],"predecessor-version":[{"id":190,"href":"https:\/\/erzaehldavon.de\/podcast\/wp-json\/wp\/v2\/posts\/140\/revisions\/190"}],"wp:featuredmedia":[{"embeddable":true,"href":"https:\/\/erzaehldavon.de\/podcast\/wp-json\/wp\/v2\/media\/157"}],"wp:attachment":[{"href":"https:\/\/erzaehldavon.de\/podcast\/wp-json\/wp\/v2\/media?parent=140"}],"wp:term":[{"taxonomy":"category","embeddable":true,"href":"https:\/\/erzaehldavon.de\/podcast\/wp-json\/wp\/v2\/categories?post=140"},{"taxonomy":"post_tag","embeddable":true,"href":"https:\/\/erzaehldavon.de\/podcast\/wp-json\/wp\/v2\/tags?post=140"}],"curies":[{"name":"wp","href":"https:\/\/api.w.org\/{rel}","templated":true}]}}